{"id":8066,"date":"2022-06-09T13:52:04","date_gmt":"2022-06-09T12:52:04","guid":{"rendered":"https:\/\/radioalma.eu\/bruselas\/?p=8066"},"modified":"2022-06-09T13:52:07","modified_gmt":"2022-06-09T12:52:07","slug":"las-estumelinks-llevan-la-obra-en-espanol-uz-el-pueblo-a-ixelles","status":"publish","type":"post","link":"https:\/\/radioalma.eu\/bruselas\/2022\/06\/09\/las-estumelinks-llevan-la-obra-en-espanol-uz-el-pueblo-a-ixelles\/","title":{"rendered":"Las Estumelinks llevan la obra en espa\u00f1ol \u00abUZ, el pueblo\u00bb a Ixelles"},"content":{"rendered":"\n<p>La compa\u00f1\u00eda de teatro en espa\u00f1ol <strong><a href=\"https:\/\/www.lasestumelinks.com\/\">Las Estumelinks<\/a><\/strong> presentan este <strong>viernes a las 20h<\/strong> la obra <strong><em>UZ, el pueblo<\/em> del uruguayo Gabriel Calder\u00f3n.<\/strong> <span class=\"color_15\">Una comedia \u00abnegra, intensa, divertida y desfachatada\u00bb que reflexiona sobre <\/span><span class=\"color_15\">c\u00f3mo nuestras creencias, tradiciones y h\u00e1bitos nos determinan. Ambientada en un pueblo ficticio, muestra c\u00f3mo nuestros prejuicios y fantasmas se hacen presentes cuando nos enfrentamos a situaciones que salen de nuestra rutina.<\/span><\/p>\n<p class=\"font_8\"><span class=\"color_15\">En el \u00faltimo programa, recibimos a <strong>Andrea Gonz\u00e1lez, actriz y responsable de comunicaci\u00f3n, y a la directora de la compa\u00f1\u00eda, Marcela Gonz\u00e1lez<\/strong>, que nos contaron m\u00e1s detalles sobre el montaje y el esp\u00edritu del grupo. Adem\u00e1s, nos detallaron los nuevos proyectos y por qu\u00e9 eligieron representar <em>UZ, el pueblo.<\/em><br \/><\/span><\/p>\n<p>Las representaciones tendr\u00e1n lugar el <strong>viernes y s\u00e1bado a las 20h en el teatro Mercelis de Ixelles.<\/strong> Para quienes no puedan asistir, tendr\u00e1n una \u00faltima oportunidad el <strong>domingo a las 18h.<\/strong> Las Estumelinks ofrecen un <strong>descuento de dos euros a los oyentes de Radio Alma en cada <a href=\"https:\/\/www.eventbrite.fr\/e\/billets-uz-el-pueblo-313757536237\">entrada.<\/a><\/strong> Para beneficiarse, pueden <strong>escribirnos un mensaje a trav\u00e9s de nuestras redes sociales o un email a tamara@radioalma.eu.<\/strong><\/p>\n\n\n\n<figure class=\"wp-block-audio\"><audio controls src=\"https:\/\/radioalma.eu\/bruselas\/files\/2022\/06\/UZ-El-pueblo.mp3\"><\/audio><\/figure>\n","protected":false},"excerpt":{"rendered":"<div class=\"mh-excerpt\"><p>La compa\u00f1\u00eda de teatro en espa\u00f1ol Las Estumelinks presentan este viernes a las 20h la obra UZ, el pueblo del uruguayo Gabriel Calder\u00f3n. Una comedia \u00abnegra, intensa, divertida y desfachatada\u00bb que reflexiona sobre c\u00f3mo nuestras <a class=\"mh-excerpt-more\" href=\"https:\/\/radioalma.eu\/bruselas\/2022\/06\/09\/las-estumelinks-llevan-la-obra-en-espanol-uz-el-pueblo-a-ixelles\/\" title=\"Las Estumelinks llevan la obra en espa\u00f1ol \u00abUZ, el pueblo\u00bb a Ixelles\">[&#8230;]<\/a><\/p>\n<\/div>","protected":false},"author":109,"featured_media":8068,"comment_status":"open","ping_status":"open","sticky":false,"template":"","format":"standard","meta":{"footnotes":""},"categories":[26],"tags":[],"class_list":{"0":"post-8066","1":"post","2":"type-post","3":"status-publish","4":"format-standard","5":"has-post-thumbnail","7":"category-agenda-cultural"},"_links":{"self":[{"href":"https:\/\/radioalma.eu\/bruselas\/wp-json\/wp\/v2\/posts\/8066","targetHints":{"allow":["GET"]}}],"collection":[{"href":"https:\/\/radioalma.eu\/bruselas\/wp-json\/wp\/v2\/posts"}],"about":[{"href":"https:\/\/radioalma.eu\/bruselas\/wp-json\/wp\/v2\/types\/post"}],"author":[{"embeddable":true,"href":"https:\/\/radioalma.eu\/bruselas\/wp-json\/wp\/v2\/users\/109"}],"replies":[{"embeddable":true,"href":"https:\/\/radioalma.eu\/bruselas\/wp-json\/wp\/v2\/comments?post=8066"}],"version-history":[{"count":0,"href":"https:\/\/radioalma.eu\/bruselas\/wp-json\/wp\/v2\/posts\/8066\/revisions"}],"wp:featuredmedia":[{"embeddable":true,"href":"https:\/\/radioalma.eu\/bruselas\/wp-json\/wp\/v2\/media\/8068"}],"wp:attachment":[{"href":"https:\/\/radioalma.eu\/bruselas\/wp-json\/wp\/v2\/media?parent=8066"}],"wp:term":[{"taxonomy":"category","embeddable":true,"href":"https:\/\/radioalma.eu\/bruselas\/wp-json\/wp\/v2\/categories?post=8066"},{"taxonomy":"post_tag","embeddable":true,"href":"https:\/\/radioalma.eu\/bruselas\/wp-json\/wp\/v2\/tags?post=8066"}],"curies":[{"name":"wp","href":"https:\/\/api.w.org\/{rel}","templated":true}]}}