{"id":8229,"date":"2022-07-05T14:34:30","date_gmt":"2022-07-05T13:34:30","guid":{"rendered":"https:\/\/radioalma.eu\/bruselas\/?p=8229"},"modified":"2022-07-06T09:41:04","modified_gmt":"2022-07-06T08:41:04","slug":"cristian-puig-el-policia-nacional-que-investiga-fenomenos-extranos","status":"publish","type":"post","link":"https:\/\/radioalma.eu\/bruselas\/2022\/07\/05\/cristian-puig-el-policia-nacional-que-investiga-fenomenos-extranos\/","title":{"rendered":"Cristian Puig, el polic\u00eda nacional que investiga fen\u00f3menos extra\u00f1os"},"content":{"rendered":"\n<p><b>\u00bfExistir\u00e1n los fantasmas? \u00bf<\/b><b>los OVNIS? <\/b>Estas son algunas de las <strong>preguntas misteriosas<\/strong> que todos nos hemos hecho alguna vez y que <strong>Cristian Puig<\/strong> trata de responder. El joven valenciano<b> es polic\u00eda nacional <\/b><strong>en el Equipo de Seguridad de la REPER y la Embajada de Espa\u00f1a en B\u00e9lgica<\/strong><b> <\/b>y, ahora, ha publicado el libro <strong><em>Tras la pista del misterio: Dossier extraoficial de un polic\u00eda nacional<\/em><\/strong>, en el que\u00a0 analiza algunos de los fen\u00f3menos extra\u00f1os que ha investigado durante su carrera. <b><br \/><\/b><\/p>\n<p>Aunque ha sido ahora cuando ha decidido embarcarse en esta nueva aventura, Puig comenz\u00f3 a interesarse por los misterios desde muy peque\u00f1o. \u00abLo tuve claro desde el principio, cuando me met\u00edan miedo con el <strong>hombre del saco<\/strong>, mi primer instito no era esconderme, era atraparlo\u00bb, se\u00f1ala. Algo que, seg\u00fan cuenta, le motiv\u00f3 a hacerse polic\u00eda: <strong>\u00abQuer\u00eda investigar lo desconocido\u00bb<\/strong>, a\u00f1ade. Sin embargo, no quiso\u00a0 quedarse ah\u00ed, sino \u00abllevarlo m\u00e1s all\u00e1\u00bb y <strong>\u00abdescubrir cosas que supuestamente no existen\u00bb. <\/strong><\/p>\n<p>Sus investigaciones se centran, sobre todo, en los <strong>omnis<\/strong>, algo que \u00able apasiona\u00bb y a lo que dedica un cap\u00edtulo entero de su libro. \u00ab<strong>Lo ufol\u00f3gico es m\u00e1s f\u00e1cil de tratar porque puedes usar una metodolog\u00eda<\/strong>. En mi libro narro <strong>encuentros con pilotos<\/strong>, <strong>con radaristas, hablo de informes y documentos militares desclasificados y no tan desclasificados<\/strong>\u00ab, explica, todo ello, eso s\u00ed,\u00a0 tratado de forma \u00abrealista\u00bb y \u00abcontrastada\u00bb, lo que adem\u00e1s considera su se\u00f1a de identidad.<\/p>\n<p>Puig, adem\u00e1s, combina su trabajo como polic\u00eda nacional en Bruselas con sus estudios en criminolog\u00eda, y ya est\u00e1 pensando en escribir su segundo libro: \u00ab<strong>una novela negra inspirada en casos reales<\/strong>\u00ab. \u00abNo puedo no tener objetivos, si no no ser\u00eda yo\u00bb, finaliza.<\/p>\n\n\n\n<figure class=\"wp-block-audio\"><audio controls src=\"https:\/\/radioalma.eu\/bruselas\/files\/2022\/07\/Cristian-Puig.mp3\"><\/audio><\/figure>\n","protected":false},"excerpt":{"rendered":"<div class=\"mh-excerpt\"><p>\u00bfExistir\u00e1n los fantasmas? \u00bflos OVNIS? Estas son algunas de las preguntas misteriosas que todos nos hemos hecho alguna vez y que Cristian Puig trata de responder. El joven valenciano es polic\u00eda nacional en el Equipo <a class=\"mh-excerpt-more\" href=\"https:\/\/radioalma.eu\/bruselas\/2022\/07\/05\/cristian-puig-el-policia-nacional-que-investiga-fenomenos-extranos\/\" title=\"Cristian Puig, el polic\u00eda nacional que investiga fen\u00f3menos extra\u00f1os\">[&#8230;]<\/a><\/p>\n<\/div>","protected":false},"author":51,"featured_media":8243,"comment_status":"open","ping_status":"open","sticky":false,"template":"","format":"standard","meta":{"footnotes":""},"categories":[2700,29],"tags":[],"class_list":{"0":"post-8229","1":"post","2":"type-post","3":"status-publish","4":"format-standard","5":"has-post-thumbnail","7":"category-cultura","8":"category-protagonista-de-la-semana"},"_links":{"self":[{"href":"https:\/\/radioalma.eu\/bruselas\/wp-json\/wp\/v2\/posts\/8229","targetHints":{"allow":["GET"]}}],"collection":[{"href":"https:\/\/radioalma.eu\/bruselas\/wp-json\/wp\/v2\/posts"}],"about":[{"href":"https:\/\/radioalma.eu\/bruselas\/wp-json\/wp\/v2\/types\/post"}],"author":[{"embeddable":true,"href":"https:\/\/radioalma.eu\/bruselas\/wp-json\/wp\/v2\/users\/51"}],"replies":[{"embeddable":true,"href":"https:\/\/radioalma.eu\/bruselas\/wp-json\/wp\/v2\/comments?post=8229"}],"version-history":[{"count":0,"href":"https:\/\/radioalma.eu\/bruselas\/wp-json\/wp\/v2\/posts\/8229\/revisions"}],"wp:featuredmedia":[{"embeddable":true,"href":"https:\/\/radioalma.eu\/bruselas\/wp-json\/wp\/v2\/media\/8243"}],"wp:attachment":[{"href":"https:\/\/radioalma.eu\/bruselas\/wp-json\/wp\/v2\/media?parent=8229"}],"wp:term":[{"taxonomy":"category","embeddable":true,"href":"https:\/\/radioalma.eu\/bruselas\/wp-json\/wp\/v2\/categories?post=8229"},{"taxonomy":"post_tag","embeddable":true,"href":"https:\/\/radioalma.eu\/bruselas\/wp-json\/wp\/v2\/tags?post=8229"}],"curies":[{"name":"wp","href":"https:\/\/api.w.org\/{rel}","templated":true}]}}