{"id":8290,"date":"2022-07-26T13:54:57","date_gmt":"2022-07-26T12:54:57","guid":{"rendered":"https:\/\/radioalma.eu\/bruselas\/?p=8290"},"modified":"2022-07-26T14:00:35","modified_gmt":"2022-07-26T13:00:35","slug":"nos-despedimos-de-la-edicion-verano-conociendo-la-historia-de-la-alfombra-de-flores-de-la-grand-place","status":"publish","type":"post","link":"https:\/\/radioalma.eu\/bruselas\/2022\/07\/26\/nos-despedimos-de-la-edicion-verano-conociendo-la-historia-de-la-alfombra-de-flores-de-la-grand-place\/","title":{"rendered":"Nos despedimos de la edici\u00f3n verano conociendo la historia de la alfombra de flores de la Grand-Place"},"content":{"rendered":"\n<p>En el <strong>\u00faltimo programa de la edici\u00f3n verano<\/strong>, analizamos la <strong>historia y las curiosidades del D\u00eda Nacional de B\u00e9lgica junto a Laia Boloix:<\/strong> \u00bfpor qu\u00e9 se celebra el 21 de julio? \u00bfde d\u00f3nde viene la familia real belga? \u00bfpor qu\u00e9 en Lieja lo celebran el d\u00eda 14 de julio? Damos respuesta a estas y otras preguntas en una charla animada desde el estudio.<\/p>\n<p>Despu\u00e9s, nuestra experta de arquitectura se queda frente a los micr\u00f3fonos para contarnos todos los detalles de <strong>la alfombra de flores que cubrir\u00e1 los adoquines de la Grand-Place del 12 al 15 de agosto.<\/strong> Una historia incre\u00edble que ya forma parte del patrimonio cultural de la capital belga junto a otros eventos y lugares que descubriremos tambi\u00e9n en <strong>\u00abLes promenades de LB\u00bb<\/strong>.<\/p>\n<p>Cerramos el programa desde la sala de cine para conocer las <strong>novedades de la cartelera con Ana Mart\u00ednez.<\/strong><\/p>\n<p>***<\/p>\n<p><strong>GRACIAS por habernos acompa\u00f1ado una temporada m\u00e1s porque sin vosotros esto no tendr\u00eda sentido.<\/strong> Dejamos el estudio y los micr\u00f3fonos y plantaremos la toalla en la arena pero <strong>Bruselas con \u00d1 no para:<\/strong> os dejaremos con algunas de las mejores entrevistas y secciones de la temporada, como siempre, cada s\u00e1bado de 12h a 14h en Radio Alma.<\/p>\n<p><strong>\u00a1El equipo de este programa os desea un fant\u00e1stico verano, prometemos volver con las pilas bien cargadas para septiembre!<\/strong><\/p>\n","protected":false},"excerpt":{"rendered":"<div class=\"mh-excerpt\"><p>En el \u00faltimo programa de la edici\u00f3n verano, analizamos la historia y las curiosidades del D\u00eda Nacional de B\u00e9lgica junto a Laia Boloix: \u00bfpor qu\u00e9 se celebra el 21 de julio? \u00bfde d\u00f3nde viene la <a class=\"mh-excerpt-more\" href=\"https:\/\/radioalma.eu\/bruselas\/2022\/07\/26\/nos-despedimos-de-la-edicion-verano-conociendo-la-historia-de-la-alfombra-de-flores-de-la-grand-place\/\" title=\"Nos despedimos de la edici\u00f3n verano conociendo la historia de la alfombra de flores de la Grand-Place\">[&#8230;]<\/a><\/p>\n<\/div>","protected":false},"author":109,"featured_media":8291,"comment_status":"open","ping_status":"open","sticky":false,"template":"","format":"standard","meta":{"footnotes":""},"categories":[26,2700,2697],"tags":[],"class_list":{"0":"post-8290","1":"post","2":"type-post","3":"status-publish","4":"format-standard","5":"has-post-thumbnail","7":"category-agenda-cultural","8":"category-cultura","9":"category-europa"},"_links":{"self":[{"href":"https:\/\/radioalma.eu\/bruselas\/wp-json\/wp\/v2\/posts\/8290","targetHints":{"allow":["GET"]}}],"collection":[{"href":"https:\/\/radioalma.eu\/bruselas\/wp-json\/wp\/v2\/posts"}],"about":[{"href":"https:\/\/radioalma.eu\/bruselas\/wp-json\/wp\/v2\/types\/post"}],"author":[{"embeddable":true,"href":"https:\/\/radioalma.eu\/bruselas\/wp-json\/wp\/v2\/users\/109"}],"replies":[{"embeddable":true,"href":"https:\/\/radioalma.eu\/bruselas\/wp-json\/wp\/v2\/comments?post=8290"}],"version-history":[{"count":0,"href":"https:\/\/radioalma.eu\/bruselas\/wp-json\/wp\/v2\/posts\/8290\/revisions"}],"wp:featuredmedia":[{"embeddable":true,"href":"https:\/\/radioalma.eu\/bruselas\/wp-json\/wp\/v2\/media\/8291"}],"wp:attachment":[{"href":"https:\/\/radioalma.eu\/bruselas\/wp-json\/wp\/v2\/media?parent=8290"}],"wp:term":[{"taxonomy":"category","embeddable":true,"href":"https:\/\/radioalma.eu\/bruselas\/wp-json\/wp\/v2\/categories?post=8290"},{"taxonomy":"post_tag","embeddable":true,"href":"https:\/\/radioalma.eu\/bruselas\/wp-json\/wp\/v2\/tags?post=8290"}],"curies":[{"name":"wp","href":"https:\/\/api.w.org\/{rel}","templated":true}]}}