{"id":8380,"date":"2022-09-20T09:59:15","date_gmt":"2022-09-20T08:59:15","guid":{"rendered":"https:\/\/radioalma.eu\/bruselas\/?p=8380"},"modified":"2022-09-20T09:59:18","modified_gmt":"2022-09-20T08:59:18","slug":"el-teatro-de-la-monnaie-inaugura-nueva-temporada","status":"publish","type":"post","link":"https:\/\/radioalma.eu\/bruselas\/2022\/09\/20\/el-teatro-de-la-monnaie-inaugura-nueva-temporada\/","title":{"rendered":"El Teatro de la Monnaie inaugura nueva temporada"},"content":{"rendered":"\n<p>\u00bfC\u00f3mo ha empezado el curso para la <strong>m\u00fasica cl\u00e1sica<\/strong>? \u00bfC\u00f3mo est\u00e1 afectando la guerra en Ucrania en la cancelaci\u00f3n de autores rusos? Nuestra colaboradora <strong>Ruth Prieto<\/strong> nos responde a estas preguntas en la secci\u00f3n<strong> M\u00fasica al dente<\/strong>.\u00a0<\/p>\n<p>Y es que el <strong>Teatro de la Monnaie<\/strong> ha dado inicio a su nueva temporada. Si se animan podr\u00e1n disfrutar entre otras cosas de la \u00f3pera de <strong>Chaikovsky <em>Pikovaya<\/em> <em>dama<\/em><\/strong> dirigida por Nathalie <strong>Stutzmann<\/strong>. Un montaje rompedor adaptado a la d\u00e9cada de los 80.<\/p>\n<audio class=\"wp-audio-shortcode\" id=\"audio-8380-1\" preload=\"none\" style=\"width: 100%;\" controls=\"controls\"><source type=\"audio\/mpeg\" src=\"https:\/\/radioalma.eu\/bruselas\/files\/2022\/09\/MUSICA-AL-DENTE-16.09.22.mp3?_=1\" \/><a href=\"https:\/\/radioalma.eu\/bruselas\/files\/2022\/09\/MUSICA-AL-DENTE-16.09.22.mp3\">https:\/\/radioalma.eu\/bruselas\/files\/2022\/09\/MUSICA-AL-DENTE-16.09.22.mp3<\/a><\/audio>\n<p>\u00a0<\/p>\n<p>\u00a0<\/p>\n<p>\u00a0<\/p>\n","protected":false},"excerpt":{"rendered":"<div class=\"mh-excerpt\"><p>\u00bfC\u00f3mo ha empezado el curso para la m\u00fasica cl\u00e1sica? \u00bfC\u00f3mo est\u00e1 afectando la guerra en Ucrania en la cancelaci\u00f3n de autores rusos? Nuestra colaboradora Ruth Prieto nos responde a estas preguntas en la secci\u00f3n M\u00fasica <a class=\"mh-excerpt-more\" href=\"https:\/\/radioalma.eu\/bruselas\/2022\/09\/20\/el-teatro-de-la-monnaie-inaugura-nueva-temporada\/\" title=\"El Teatro de la Monnaie inaugura nueva temporada\">[&#8230;]<\/a><\/p>\n<\/div>","protected":false},"author":51,"featured_media":8412,"comment_status":"open","ping_status":"open","sticky":false,"template":"","format":"standard","meta":{"footnotes":""},"categories":[26,2700,2697],"tags":[],"class_list":{"0":"post-8380","1":"post","2":"type-post","3":"status-publish","4":"format-standard","5":"has-post-thumbnail","7":"category-agenda-cultural","8":"category-cultura","9":"category-europa"},"_links":{"self":[{"href":"https:\/\/radioalma.eu\/bruselas\/wp-json\/wp\/v2\/posts\/8380","targetHints":{"allow":["GET"]}}],"collection":[{"href":"https:\/\/radioalma.eu\/bruselas\/wp-json\/wp\/v2\/posts"}],"about":[{"href":"https:\/\/radioalma.eu\/bruselas\/wp-json\/wp\/v2\/types\/post"}],"author":[{"embeddable":true,"href":"https:\/\/radioalma.eu\/bruselas\/wp-json\/wp\/v2\/users\/51"}],"replies":[{"embeddable":true,"href":"https:\/\/radioalma.eu\/bruselas\/wp-json\/wp\/v2\/comments?post=8380"}],"version-history":[{"count":0,"href":"https:\/\/radioalma.eu\/bruselas\/wp-json\/wp\/v2\/posts\/8380\/revisions"}],"wp:featuredmedia":[{"embeddable":true,"href":"https:\/\/radioalma.eu\/bruselas\/wp-json\/wp\/v2\/media\/8412"}],"wp:attachment":[{"href":"https:\/\/radioalma.eu\/bruselas\/wp-json\/wp\/v2\/media?parent=8380"}],"wp:term":[{"taxonomy":"category","embeddable":true,"href":"https:\/\/radioalma.eu\/bruselas\/wp-json\/wp\/v2\/categories?post=8380"},{"taxonomy":"post_tag","embeddable":true,"href":"https:\/\/radioalma.eu\/bruselas\/wp-json\/wp\/v2\/tags?post=8380"}],"curies":[{"name":"wp","href":"https:\/\/api.w.org\/{rel}","templated":true}]}}