{"id":8413,"date":"2022-09-22T10:55:53","date_gmt":"2022-09-22T09:55:53","guid":{"rendered":"https:\/\/radioalma.eu\/bruselas\/?p=8413"},"modified":"2022-09-22T17:23:57","modified_gmt":"2022-09-22T16:23:57","slug":"el-grupo-valenciano-zoo-tocara-este-sabado-en-la-capital-belga","status":"publish","type":"post","link":"https:\/\/radioalma.eu\/bruselas\/2022\/09\/22\/el-grupo-valenciano-zoo-tocara-este-sabado-en-la-capital-belga\/","title":{"rendered":"El grupo valenciano ZOO tocar\u00e1 este s\u00e1bado en la capital belga"},"content":{"rendered":"\n<p>La sala <a href=\"https:\/\/recyclart.be\/fr\/agenda\"><strong>Recyclart<\/strong><\/a><strong> de Molenbeek se convertir\u00e1 este s\u00e1bado en una explosi\u00f3n de m\u00fasica que trasladar\u00e1 a los asistentes a un aut\u00e9ntico festival valenciano.<\/strong> Solo <strong>faltar\u00e1 la p\u00f3lvora<\/strong> porque <strong>el \u201ccomboi\u201d est\u00e1 asegurado<\/strong>, seg\u00fan dice el <strong>Espai Valenci\u00e0 a B\u00e8lgic<\/strong>a, entidad organizadora del evento.<\/p>\n<p>\u00a0Desde las 18h y hasta pasada la media noche, <strong>pasar\u00e1n seis conjuntos por el escenario, <\/strong>tanto valencianos como de otros lugares de Espa\u00f1a y, por supuesto, <strong>tambi\u00e9n belgas<\/strong> en un intento de <strong>establecer puentes<\/strong> entre los dos lugares.<\/p>\n<p><strong>El grupo que encabeza este primer Festival Estell\u00e9s es ZOO. <\/strong>Los de la Safor consiguieron situarse con su rap electr\u00f3nico en el n\u00famero 10 de las listas de ventas espa\u00f1olas con su disco \u201cLlepolies\u201d, algo in\u00e9dito en la m\u00fasica en valenciano. De hecho, compartieron puestos con artistas como \u00a0Dua Lipa, Karol G., Justin Bieber, C.Tangana, o Bad Gyal.<\/p>\n<p>Con sus letras <strong>demuestran que cantar valenciano no es un impedimento para llegar a todos los rincones de Espa\u00f1a e incluso del mundo. <\/strong>Prueba de ello es el gran \u00e9xito que est\u00e1n cosechando con una gira llena de conciertos que culminar\u00e1 en el WiZink Center \u00a0de Madrid y en el Palau Sant Jordi de Barcelona.<\/p>\n<p><strong>Hemos hablado con su creador y vocalista, Toni S\u00e1nchez, m\u00e1s conocido como Panxo. <\/strong>\u00c9l nos ha contado que si tuviera que componer una<strong> canci\u00f3n cr\u00edtica <\/strong>sobre todas las cosas que est\u00e1n pasando en el mundo,<strong> elegir\u00eda el problema de la vivienda. <\/strong>Tambi\u00e9n nos ha adelantado que <strong>no hay planes para despu\u00e9s de la gira, <\/strong>aunque por suerte ha tenido tiempo para componer <strong>y, sobre todo, nos ha dado los motivos para no perderse el concierto del s\u00e1bado. <\/strong><\/p>\n<audio class=\"wp-audio-shortcode\" id=\"audio-8413-1\" preload=\"none\" style=\"width: 100%;\" controls=\"controls\"><source type=\"audio\/mpeg\" src=\"https:\/\/www.ivoox.com\/entrevista-toni-s-panxo-cantante-zoo_md_92760155_wp_1.mp3?_=1\" \/><a href=\"https:\/\/www.ivoox.com\/entrevista-toni-s-panxo-cantante-zoo_md_92760155_wp_1.mp3\">https:\/\/www.ivoox.com\/entrevista-toni-s-panxo-cantante-zoo_md_92760155_wp_1.mp3<\/a><\/audio>\n<p>\u00a0<\/p>\n<p>\u00a0<\/p>\n","protected":false},"excerpt":{"rendered":"<div class=\"mh-excerpt\"><p>La sala Recyclart de Molenbeek se convertir\u00e1 este s\u00e1bado en una explosi\u00f3n de m\u00fasica que trasladar\u00e1 a los asistentes a un aut\u00e9ntico festival valenciano. Solo faltar\u00e1 la p\u00f3lvora porque el \u201ccomboi\u201d est\u00e1 asegurado, seg\u00fan dice <a class=\"mh-excerpt-more\" href=\"https:\/\/radioalma.eu\/bruselas\/2022\/09\/22\/el-grupo-valenciano-zoo-tocara-este-sabado-en-la-capital-belga\/\" title=\"El grupo valenciano ZOO tocar\u00e1 este s\u00e1bado en la capital belga\">[&#8230;]<\/a><\/p>\n<\/div>","protected":false},"author":109,"featured_media":8414,"comment_status":"open","ping_status":"open","sticky":false,"template":"","format":"standard","meta":{"footnotes":""},"categories":[26,29,2704],"tags":[],"class_list":{"0":"post-8413","1":"post","2":"type-post","3":"status-publish","4":"format-standard","5":"has-post-thumbnail","7":"category-agenda-cultural","8":"category-protagonista-de-la-semana","9":"category-social"},"_links":{"self":[{"href":"https:\/\/radioalma.eu\/bruselas\/wp-json\/wp\/v2\/posts\/8413","targetHints":{"allow":["GET"]}}],"collection":[{"href":"https:\/\/radioalma.eu\/bruselas\/wp-json\/wp\/v2\/posts"}],"about":[{"href":"https:\/\/radioalma.eu\/bruselas\/wp-json\/wp\/v2\/types\/post"}],"author":[{"embeddable":true,"href":"https:\/\/radioalma.eu\/bruselas\/wp-json\/wp\/v2\/users\/109"}],"replies":[{"embeddable":true,"href":"https:\/\/radioalma.eu\/bruselas\/wp-json\/wp\/v2\/comments?post=8413"}],"version-history":[{"count":0,"href":"https:\/\/radioalma.eu\/bruselas\/wp-json\/wp\/v2\/posts\/8413\/revisions"}],"wp:featuredmedia":[{"embeddable":true,"href":"https:\/\/radioalma.eu\/bruselas\/wp-json\/wp\/v2\/media\/8414"}],"wp:attachment":[{"href":"https:\/\/radioalma.eu\/bruselas\/wp-json\/wp\/v2\/media?parent=8413"}],"wp:term":[{"taxonomy":"category","embeddable":true,"href":"https:\/\/radioalma.eu\/bruselas\/wp-json\/wp\/v2\/categories?post=8413"},{"taxonomy":"post_tag","embeddable":true,"href":"https:\/\/radioalma.eu\/bruselas\/wp-json\/wp\/v2\/tags?post=8413"}],"curies":[{"name":"wp","href":"https:\/\/api.w.org\/{rel}","templated":true}]}}