{"id":8439,"date":"2022-09-28T12:15:36","date_gmt":"2022-09-28T11:15:36","guid":{"rendered":"https:\/\/radioalma.eu\/bruselas\/?p=8439"},"modified":"2022-09-28T12:15:39","modified_gmt":"2022-09-28T11:15:39","slug":"les-promenades-de-lb-descubrimos-todos-los-secretos-del-espacio-recyclart","status":"publish","type":"post","link":"https:\/\/radioalma.eu\/bruselas\/2022\/09\/28\/les-promenades-de-lb-descubrimos-todos-los-secretos-del-espacio-recyclart\/","title":{"rendered":"Les promenades de LB: Descubrimos todos los secretos del espacio Recyclart"},"content":{"rendered":"\n<p>Creado en la <strong>estaci\u00f3n de tren de Bruselas-Chapelle\u00a0 en 1997<\/strong> y <strong>reubicado desde 2018 en Molenbeek<\/strong>, Recyclart es un <strong>proyecto urbano multidisciplinar<\/strong> inspirado en la ciudad y su barrio. Es un lugar importante en la historia de la <strong>cultura underground de Bruselas.<\/strong> Este espacio incluye un <strong>centro de arte<\/strong> y <strong>dos proyectos de integraci\u00f3n socioprofesional: el Recyclart Bar y el Recyclart Fabrik.<\/strong><\/p>\n<p>Desde su creaci\u00f3n, Recyclart ha estado fuertemente vinculado al lugar donde se encuentra para <strong>reconectar y revitalizar los diferentes barrios<\/strong>. Adem\u00e1s, ha desarrollado una din\u00e1mica de <strong>integraci\u00f3n socioprofesional<\/strong> en cuatro \u00e1mbitos diferentes: la carpinter\u00eda, la metalurgia, la gesti\u00f3n de existencias e infraestructuras y la horeca. Con ello, su objetivo es conseguir que una <strong>veintena de personas vuelvan a trabajar a trav<\/strong><strong>\u00e9s de un Programa de Transici\u00f3n Profesional.<br \/><\/strong><\/p>\n<p><strong>Este lugar est\u00e1 inspirado en la fascinante realidad del d\u00eda a d\u00eda de Bruselas<\/strong>, en sus variadas <strong>culturas y comunidades<\/strong>. Es un <strong>proyecto belga, con financiamiento de la ciudad y de los distintos gobiernos.<\/strong> Uno de los ejemplos del apoyo a la diversidad es que tanto el flamenco como el belga se usan como lenguas oficiales, entre compa\u00f1eros y en la comunicaci\u00f3n p\u00fablica.<\/p>\n<p>Muchos habitantes de Bruselas conocer\u00e1n este lugar porque han ido a alguno de los conciertos de la sala VK de este espacio pero, \u00bfc\u00f3mo llega este lugar a tener una sala donde act\u00faan grupos de todo el mundo? \u00bfpor qu\u00e9 cambi\u00f3 de ubicaci\u00f3n? \u00bfqu\u00e9 proyectos hay a largo plazo? La arquitecta Laia Boloix nos lleva hasta all\u00ed para contarnos todos los detalles en sus \u00abPromenades de LB\u00bb.<\/p>\n<audio class=\"wp-audio-shortcode\" id=\"audio-8439-1\" preload=\"none\" style=\"width: 100%;\" controls=\"controls\"><source type=\"audio\/mpeg\" src=\"https:\/\/radioalma.eu\/bruselas\/files\/2022\/09\/LAIA-BOLOIX.mp3?_=1\" \/><a href=\"https:\/\/radioalma.eu\/bruselas\/files\/2022\/09\/LAIA-BOLOIX.mp3\">https:\/\/radioalma.eu\/bruselas\/files\/2022\/09\/LAIA-BOLOIX.mp3<\/a><\/audio>\n<p>\u00a0<\/p>\n","protected":false},"excerpt":{"rendered":"<div class=\"mh-excerpt\"><p>Creado en la estaci\u00f3n de tren de Bruselas-Chapelle\u00a0 en 1997 y reubicado desde 2018 en Molenbeek, Recyclart es un proyecto urbano multidisciplinar inspirado en la ciudad y su barrio. Es un lugar importante en la <a class=\"mh-excerpt-more\" href=\"https:\/\/radioalma.eu\/bruselas\/2022\/09\/28\/les-promenades-de-lb-descubrimos-todos-los-secretos-del-espacio-recyclart\/\" title=\"Les promenades de LB: Descubrimos todos los secretos del espacio Recyclart\">[&#8230;]<\/a><\/p>\n<\/div>","protected":false},"author":51,"featured_media":8456,"comment_status":"open","ping_status":"open","sticky":false,"template":"","format":"standard","meta":{"footnotes":""},"categories":[2700,2697],"tags":[],"class_list":{"0":"post-8439","1":"post","2":"type-post","3":"status-publish","4":"format-standard","5":"has-post-thumbnail","7":"category-cultura","8":"category-europa"},"_links":{"self":[{"href":"https:\/\/radioalma.eu\/bruselas\/wp-json\/wp\/v2\/posts\/8439","targetHints":{"allow":["GET"]}}],"collection":[{"href":"https:\/\/radioalma.eu\/bruselas\/wp-json\/wp\/v2\/posts"}],"about":[{"href":"https:\/\/radioalma.eu\/bruselas\/wp-json\/wp\/v2\/types\/post"}],"author":[{"embeddable":true,"href":"https:\/\/radioalma.eu\/bruselas\/wp-json\/wp\/v2\/users\/51"}],"replies":[{"embeddable":true,"href":"https:\/\/radioalma.eu\/bruselas\/wp-json\/wp\/v2\/comments?post=8439"}],"version-history":[{"count":0,"href":"https:\/\/radioalma.eu\/bruselas\/wp-json\/wp\/v2\/posts\/8439\/revisions"}],"wp:featuredmedia":[{"embeddable":true,"href":"https:\/\/radioalma.eu\/bruselas\/wp-json\/wp\/v2\/media\/8456"}],"wp:attachment":[{"href":"https:\/\/radioalma.eu\/bruselas\/wp-json\/wp\/v2\/media?parent=8439"}],"wp:term":[{"taxonomy":"category","embeddable":true,"href":"https:\/\/radioalma.eu\/bruselas\/wp-json\/wp\/v2\/categories?post=8439"},{"taxonomy":"post_tag","embeddable":true,"href":"https:\/\/radioalma.eu\/bruselas\/wp-json\/wp\/v2\/tags?post=8439"}],"curies":[{"name":"wp","href":"https:\/\/api.w.org\/{rel}","templated":true}]}}