{"id":8458,"date":"2022-09-29T13:56:57","date_gmt":"2022-09-29T12:56:57","guid":{"rendered":"https:\/\/radioalma.eu\/bruselas\/?p=8458"},"modified":"2022-09-29T14:32:31","modified_gmt":"2022-09-29T13:32:31","slug":"metaprosa-el-nuevo-centro-cultural-en-espanol-de-bruselas","status":"publish","type":"post","link":"https:\/\/radioalma.eu\/bruselas\/2022\/09\/29\/metaprosa-el-nuevo-centro-cultural-en-espanol-de-bruselas\/","title":{"rendered":"Metaprosa, el nuevo centro cultural en espa\u00f1ol de Bruselas"},"content":{"rendered":"\n<p><a href=\"https:\/\/www.metaprosa.be\/\"><strong>Metaprosa<\/strong><\/a>\u00a0se inaugur\u00f3 hace apenas unas semanas en la capital belga. Ubicado Etterbeek, este espacio se ha convertido en <strong>un punto de referencia de la cultura y la literatura espa\u00f1olas.<\/strong> Detr\u00e1s de esta iniciativa est\u00e1n <strong>Marta Garayoa, Ana Bueno y Bel\u00e9n Garayoa<\/strong>; tres apasionadas del arte, la lectura y tambi\u00e9n de la psicolog\u00eda.<\/p>\n<p>Curiosamente, Marta y Ana ten\u00edan en mente proyectos similares aunque no lo sab\u00edan. Fueron dos conocidos de Marta quienes le invitaron a asistir al intercambio de libros que organiz\u00f3 Ana en junio. All\u00ed se dieron cuenta de que, efectivamente, sus ideas coincid\u00edan as\u00ed que no se lo pensaron dos veces: le dieron forma hasta crear la <strong>ASBL Metaprosa.<\/strong><\/p>\n<p>El nuevo espacio cuenta ya con <strong>actividades<\/strong> para los m\u00e1s peque\u00f1os, talleres y una interesante biblioteca creada gracias a las donaciones. Unos d\u00edas antes de la inauguraci\u00f3n vinieron al estudio a contarnos t<strong>odos los detalles del proyecto y algunas de las muchas ideas que tienen en mente.<\/strong><\/p>\n\n\n\n<figure class=\"wp-block-audio\"><audio controls src=\"https:\/\/radioalma.eu\/bruselas\/files\/2022\/09\/metaprosa.mp3\"><\/audio><\/figure>\n","protected":false},"excerpt":{"rendered":"<div class=\"mh-excerpt\"><p>Metaprosa\u00a0se inaugur\u00f3 hace apenas unas semanas en la capital belga. Ubicado Etterbeek, este espacio se ha convertido en un punto de referencia de la cultura y la literatura espa\u00f1olas. Detr\u00e1s de esta iniciativa est\u00e1n Marta <a class=\"mh-excerpt-more\" href=\"https:\/\/radioalma.eu\/bruselas\/2022\/09\/29\/metaprosa-el-nuevo-centro-cultural-en-espanol-de-bruselas\/\" title=\"Metaprosa, el nuevo centro cultural en espa\u00f1ol de Bruselas\">[&#8230;]<\/a><\/p>\n<\/div>","protected":false},"author":109,"featured_media":8459,"comment_status":"open","ping_status":"open","sticky":false,"template":"","format":"standard","meta":{"footnotes":""},"categories":[2700,29],"tags":[],"class_list":{"0":"post-8458","1":"post","2":"type-post","3":"status-publish","4":"format-standard","5":"has-post-thumbnail","7":"category-cultura","8":"category-protagonista-de-la-semana"},"_links":{"self":[{"href":"https:\/\/radioalma.eu\/bruselas\/wp-json\/wp\/v2\/posts\/8458","targetHints":{"allow":["GET"]}}],"collection":[{"href":"https:\/\/radioalma.eu\/bruselas\/wp-json\/wp\/v2\/posts"}],"about":[{"href":"https:\/\/radioalma.eu\/bruselas\/wp-json\/wp\/v2\/types\/post"}],"author":[{"embeddable":true,"href":"https:\/\/radioalma.eu\/bruselas\/wp-json\/wp\/v2\/users\/109"}],"replies":[{"embeddable":true,"href":"https:\/\/radioalma.eu\/bruselas\/wp-json\/wp\/v2\/comments?post=8458"}],"version-history":[{"count":0,"href":"https:\/\/radioalma.eu\/bruselas\/wp-json\/wp\/v2\/posts\/8458\/revisions"}],"wp:featuredmedia":[{"embeddable":true,"href":"https:\/\/radioalma.eu\/bruselas\/wp-json\/wp\/v2\/media\/8459"}],"wp:attachment":[{"href":"https:\/\/radioalma.eu\/bruselas\/wp-json\/wp\/v2\/media?parent=8458"}],"wp:term":[{"taxonomy":"category","embeddable":true,"href":"https:\/\/radioalma.eu\/bruselas\/wp-json\/wp\/v2\/categories?post=8458"},{"taxonomy":"post_tag","embeddable":true,"href":"https:\/\/radioalma.eu\/bruselas\/wp-json\/wp\/v2\/tags?post=8458"}],"curies":[{"name":"wp","href":"https:\/\/api.w.org\/{rel}","templated":true}]}}