{"id":8485,"date":"2022-10-03T10:44:22","date_gmt":"2022-10-03T09:44:22","guid":{"rendered":"https:\/\/radioalma.eu\/bruselas\/?p=8485"},"modified":"2022-10-03T10:44:25","modified_gmt":"2022-10-03T09:44:25","slug":"belgium-sleep-out-una-noche-solidaria-contra-el-sinhogarismo-del-pais","status":"publish","type":"post","link":"https:\/\/radioalma.eu\/bruselas\/2022\/10\/03\/belgium-sleep-out-una-noche-solidaria-contra-el-sinhogarismo-del-pais\/","title":{"rendered":"Belgium Sleep Out: una noche solidaria contra el sinhogarismo del pa\u00eds"},"content":{"rendered":"\n<p>Entidades y organizaciones de base llevan tiempo alertando del <strong>aumento de personas que viven en situaci\u00f3n de calle en B\u00e9lgica.<\/strong> Un problema que se ve<strong> agravado ante la saturaci\u00f3n de los servicios de acogida de migrantes que llegan al pa\u00eds.<\/strong> Seg\u00fan las entidades que trabajan en el terreno, esto se debe al aumento de personas que solicitan asilo en B\u00e9lgica en los \u00faltimos a\u00f1os; pero tambi\u00e9n al <strong>largo proceso de tramitaci\u00f3n de solicitudes.<\/strong><\/p>\n<p>Hace unas semanas cientos de personas denunciaron la mala acogida de los solicitantes de asilo <strong>simulando un campo de refugiados en Bruselas.<\/strong> A pesar de los cientos de plazas de alojamiento que se han creado, la saturaci\u00f3n de la red de recepci\u00f3n, gestionada por la agencia Fedasil, provoca que la maquinaria siga atascada.<\/p>\n<p>Adem\u00e1s, varios medios belgas se han hecho eco recientemente de la <strong>cantidad de personas que se ven obligadas a dormir frente al Petit-Ch\u00e2teau a la espera de su plaza de alojamiento.<\/strong> Antes, los reci\u00e9n llegados han debido presentar su solicitud de protecci\u00f3n en la sede de la Oficina de Extranjer\u00eda. Eso si lo consiguen, porque seg\u00fan las entidades, muchas personas son rechazadas diariamente. Por todo esto, afirman que es <strong>m\u00e1s necesario que nunca una estrategia nacional coherente para prevenir y combatir el sinhogarismo.\u00a0<\/strong><\/p>\n<p>Para visibilizar esta situaci\u00f3n, <strong>el pr\u00f3ximo viernes d\u00eda 7 de octubre la asociaci\u00f3n Infirmiers de Rue propone a la ciudadan\u00eda que acuda a Tour &amp; Taxis con un saco de dormir para pasar la noche al raso, en un claro intento de empatizar con las personas que viven en la calle.\u00a0<\/strong><\/p>\n<p>Bajo el nombre <a href=\"https:\/\/www.infirmiersderue.be\/en\/belgium-sleep-out-participate-night-solidarity-against-homelessness\"><strong>Belgium Sleep Out<\/strong><\/a>, la acci\u00f3n tiene el objetivo de visibilizar la situaci\u00f3n de las personas sin hogar y hacer reflexionar a los asistentes e instituciones sobre la urgencia de encontrar soluciones.<\/p>\n<p>A lo largo de la velada, se abordar\u00e1n los prejuicios que pesan sobre las personas en situaci\u00f3n de calle y se intentar\u00e1 dar respuestas a preguntas como \u201c\u00bfqu\u00e9 significa vivir en la calle? o \u00bfcu\u00e1les son las necesidades, los deseos, los sue\u00f1os de las personas sin hogar?<\/p>\n<p><strong>Adem\u00e1s, habr\u00e1 otras actividades como una representaci\u00f3n teatral, sesiones de preguntas y respuestas con actores que trabajan sobre el terreno, juegos y muchas otras.<\/strong> Tambi\u00e9n se ofrece la posibilidad de asistir de forma online desde cualquier lugar. Para conocer mejor este asunto y todos los detalles sobre la Belgium Sleep Out nos visit\u00f3 <strong>Pablo de la Rasilla<\/strong>, <strong>trabajador social en el equipo My Way de Infirmiers de Rue.<\/strong><\/p>\n\n\n\n<figure class=\"wp-block-audio\"><audio controls src=\"https:\/\/radioalma.eu\/bruselas\/files\/2022\/10\/ENT_PabloRasilla.mp3\"><\/audio><\/figure>\n","protected":false},"excerpt":{"rendered":"<div class=\"mh-excerpt\">Entidades y organizaciones de base llevan tiempo alertando del aumento de personas que viven en situaci\u00f3n de calle en B\u00e9lgica. Un problema que se ve agravado ante la saturaci\u00f3n de los servicios de acogida de <a class=\"mh-excerpt-more\" href=\"https:\/\/radioalma.eu\/bruselas\/2022\/10\/03\/belgium-sleep-out-una-noche-solidaria-contra-el-sinhogarismo-del-pais\/\" title=\"Belgium Sleep Out: una noche solidaria contra el sinhogarismo del pa\u00eds\">[&#8230;]<\/a><\/div>\n","protected":false},"author":109,"featured_media":8466,"comment_status":"open","ping_status":"open","sticky":false,"template":"","format":"standard","meta":{"footnotes":""},"categories":[2701,29,2704],"tags":[],"class_list":["post-8485","post","type-post","status-publish","format-standard","has-post-thumbnail","category-economia","category-protagonista-de-la-semana","category-social"],"_links":{"self":[{"href":"https:\/\/radioalma.eu\/bruselas\/wp-json\/wp\/v2\/posts\/8485","targetHints":{"allow":["GET"]}}],"collection":[{"href":"https:\/\/radioalma.eu\/bruselas\/wp-json\/wp\/v2\/posts"}],"about":[{"href":"https:\/\/radioalma.eu\/bruselas\/wp-json\/wp\/v2\/types\/post"}],"author":[{"embeddable":true,"href":"https:\/\/radioalma.eu\/bruselas\/wp-json\/wp\/v2\/users\/109"}],"replies":[{"embeddable":true,"href":"https:\/\/radioalma.eu\/bruselas\/wp-json\/wp\/v2\/comments?post=8485"}],"version-history":[{"count":0,"href":"https:\/\/radioalma.eu\/bruselas\/wp-json\/wp\/v2\/posts\/8485\/revisions"}],"wp:featuredmedia":[{"embeddable":true,"href":"https:\/\/radioalma.eu\/bruselas\/wp-json\/wp\/v2\/media\/8466"}],"wp:attachment":[{"href":"https:\/\/radioalma.eu\/bruselas\/wp-json\/wp\/v2\/media?parent=8485"}],"wp:term":[{"taxonomy":"category","embeddable":true,"href":"https:\/\/radioalma.eu\/bruselas\/wp-json\/wp\/v2\/categories?post=8485"},{"taxonomy":"post_tag","embeddable":true,"href":"https:\/\/radioalma.eu\/bruselas\/wp-json\/wp\/v2\/tags?post=8485"}],"curies":[{"name":"wp","href":"https:\/\/api.w.org\/{rel}","templated":true}]}}