{"id":8572,"date":"2022-10-18T10:26:17","date_gmt":"2022-10-18T09:26:17","guid":{"rendered":"https:\/\/radioalma.eu\/bruselas\/?p=8572"},"modified":"2022-10-20T18:04:55","modified_gmt":"2022-10-20T17:04:55","slug":"lluis-montoliu-experto-en-bioetica-la-creatividad-es-libre-pero-lo-que-hagamos-tiene-que-estar-permitido","status":"publish","type":"post","link":"https:\/\/radioalma.eu\/bruselas\/2022\/10\/18\/lluis-montoliu-experto-en-bioetica-la-creatividad-es-libre-pero-lo-que-hagamos-tiene-que-estar-permitido\/","title":{"rendered":"Llu\u00eds Montoliu, experto en bio\u00e9tica: \u00abLa creatividad es libre, pero lo que hagamos tiene que estar permitido\u00bb"},"content":{"rendered":"\n<p>\u00bfSe imaginan un mundo sin <strong>l\u00edmites \u00e9ticos<\/strong> para la ciencia? Estos cuestionamientos nos inquietan y nos remiten a la ciencia ficci\u00f3n dist\u00f3pica. Para esta ocasi\u00f3n Jorge Barrasa de <strong>CEBE en las Ondas<\/strong> conversa con el profesor<strong> Llu\u00eds Montoliu<\/strong>. \u00abLa bio\u00e9tica es lo que tenemos los investigadores para ganar credibilidad ante la sociedad\u00bb, se\u00f1ala el profesor.\u00a0<\/p>\n<p>Montoliu ha sido presidente del <strong>Comit\u00e9 de \u00c9tica del CSIC<\/strong> y ahora forma parte del panel de <strong>\u00e9tica del Consejo Europeo de Investigaci\u00f3n<\/strong> . \u00abCuando una investigadora presenta un proyecto, este tiene que cumplir los est\u00e1ndares m\u00ednimos de \u00e9tica\u00bb.<\/p>\n<p>\u00a0<\/p>\n\n\n\n<figure class=\"wp-block-audio\"><audio controls src=\"https:\/\/radioalma.eu\/bruselas\/files\/2022\/10\/CEBE-EN-LAS-ONDAS-15-O.mp3\"><\/audio><\/figure>\n","protected":false},"excerpt":{"rendered":"<div class=\"mh-excerpt\"><p>\u00bfSe imaginan un mundo sin l\u00edmites \u00e9ticos para la ciencia? Estos cuestionamientos nos inquietan y nos remiten a la ciencia ficci\u00f3n dist\u00f3pica. Para esta ocasi\u00f3n Jorge Barrasa de CEBE en las Ondas conversa con el <a class=\"mh-excerpt-more\" href=\"https:\/\/radioalma.eu\/bruselas\/2022\/10\/18\/lluis-montoliu-experto-en-bioetica-la-creatividad-es-libre-pero-lo-que-hagamos-tiene-que-estar-permitido\/\" title=\"Llu\u00eds Montoliu, experto en bio\u00e9tica: \u00abLa creatividad es libre, pero lo que hagamos tiene que estar permitido\u00bb\">[&#8230;]<\/a><\/p>\n<\/div>","protected":false},"author":51,"featured_media":8576,"comment_status":"open","ping_status":"open","sticky":false,"template":"","format":"standard","meta":{"footnotes":""},"categories":[2698,29],"tags":[],"class_list":{"0":"post-8572","1":"post","2":"type-post","3":"status-publish","4":"format-standard","5":"has-post-thumbnail","7":"category-ciencia","8":"category-protagonista-de-la-semana"},"_links":{"self":[{"href":"https:\/\/radioalma.eu\/bruselas\/wp-json\/wp\/v2\/posts\/8572","targetHints":{"allow":["GET"]}}],"collection":[{"href":"https:\/\/radioalma.eu\/bruselas\/wp-json\/wp\/v2\/posts"}],"about":[{"href":"https:\/\/radioalma.eu\/bruselas\/wp-json\/wp\/v2\/types\/post"}],"author":[{"embeddable":true,"href":"https:\/\/radioalma.eu\/bruselas\/wp-json\/wp\/v2\/users\/51"}],"replies":[{"embeddable":true,"href":"https:\/\/radioalma.eu\/bruselas\/wp-json\/wp\/v2\/comments?post=8572"}],"version-history":[{"count":0,"href":"https:\/\/radioalma.eu\/bruselas\/wp-json\/wp\/v2\/posts\/8572\/revisions"}],"wp:featuredmedia":[{"embeddable":true,"href":"https:\/\/radioalma.eu\/bruselas\/wp-json\/wp\/v2\/media\/8576"}],"wp:attachment":[{"href":"https:\/\/radioalma.eu\/bruselas\/wp-json\/wp\/v2\/media?parent=8572"}],"wp:term":[{"taxonomy":"category","embeddable":true,"href":"https:\/\/radioalma.eu\/bruselas\/wp-json\/wp\/v2\/categories?post=8572"},{"taxonomy":"post_tag","embeddable":true,"href":"https:\/\/radioalma.eu\/bruselas\/wp-json\/wp\/v2\/tags?post=8572"}],"curies":[{"name":"wp","href":"https:\/\/api.w.org\/{rel}","templated":true}]}}