{"id":8609,"date":"2022-10-22T10:57:15","date_gmt":"2022-10-22T09:57:15","guid":{"rendered":"https:\/\/radioalma.eu\/bruselas\/?p=8609"},"modified":"2022-10-24T10:18:20","modified_gmt":"2022-10-24T09:18:20","slug":"manana-despegamos-del-estudio-para-conocer-los-detalles-de-dos-importantes-misiones-espaciales","status":"publish","type":"post","link":"https:\/\/radioalma.eu\/bruselas\/2022\/10\/22\/manana-despegamos-del-estudio-para-conocer-los-detalles-de-dos-importantes-misiones-espaciales\/","title":{"rendered":"Volamos al espacio y conocemos todo sobre dos de las misiones m\u00e1s importantes"},"content":{"rendered":"\n<p>Hace tan solo unas semanas <strong>se completaba la primera fase de DART, una misi\u00f3n orientada a la defensa planetaria<\/strong> y en el programa del pasado s\u00e1bado abordamos cu\u00e1les son los siguientes pasos a seguir. Lo hicimos conversando con <strong>Michael Kueppers<\/strong>, uno de los principales responsables que la Agencia Europea del Espacio tiene en nuestro pa\u00eds. La organizaci\u00f3n prest\u00f3 apoyo log\u00edstico a la NASA durante esta misi\u00f3n y \u00e9l nos cuenta c\u00f3mo fue todo desde dentro.\u00a0<\/p>\n<p>Adem\u00e1s, ahondamos en los recientes descubrimientos que ha hecho <strong>el Perseverance en Marte, relacionados con la existencia de vida en este planeta<\/strong>. Para ello, hablamos con <strong>Jose Antonio Rodr\u00edguez Manfredi<\/strong>, uno de los responsables del instrumento MEDA, que va a bordo del Perseverance, y que conoce de primera mano las investigaciones.\u00a0<\/p>\n<audio class=\"wp-audio-shortcode\" id=\"audio-8609-1\" preload=\"none\" style=\"width: 100%;\" controls=\"controls\"><source type=\"audio\/mpeg\" src=\"https:\/\/www.ivoox.com\/bruselas-n-22-10-22-parte-i_md_94557599_wp_1.mp3?_=1\" \/><a href=\"https:\/\/www.ivoox.com\/bruselas-n-22-10-22-parte-i_md_94557599_wp_1.mp3\">https:\/\/www.ivoox.com\/bruselas-n-22-10-22-parte-i_md_94557599_wp_1.mp3<\/a><\/audio>\n<p>\u00a0<\/p>\n<p>La segunda parte del programa vino \u00edntegramente dedicada a cultura. Arrancamos con una nueva entrega de la <strong>secci\u00f3n de literatura del <a href=\"https:\/\/cultura.cervantes.es\/bruselas\/es\/de-los-mares-del-norte-a-los-mares-del-sur\/153560\">Instituto Cervantes<\/a><\/strong>, en la que nos contaron todos los detalles sobre su pr\u00f3ximo evento presencial sobre <strong>novela negra<\/strong>, que tendr\u00e1 lugar en este centro entre los d\u00edas 25 y 27 de octubre.<\/p>\n<p>Adem\u00e1s, este s\u00e1bado tuvo lugar la decimoquinta edici\u00f3n del <a href=\"https:\/\/www.museumnightfever.be\/en\/\"><strong>Museums Night Fever<\/strong><\/a>, una noche en la que una treintena de museos abren sus puertas hasta la 1 de la madrugada y organizan diferentes actividades. <strong>Audrey Tribolet<\/strong>, de Brussels Museums, nos dio todas las claves.\u00a0<\/p>\n<p>Tambi\u00e9n hablamos con el autor del <strong>\u00faltimo videoclip de Stake<\/strong>, un grupo de <em>heavy metal<\/em> que acaba de estrenar disco. <strong>El v\u00eddeo ha estado a cargo del <em>filmmaker<\/em> espa\u00f1ol Alex Orma<\/strong>, con quien hemos tenido el placer de hablar.<\/p>\n<p>Por \u00faltimo, regres\u00f3 tambi\u00e9n la secci\u00f3n de <strong>cine con Ana Mart\u00ednez<\/strong>, en la que nuestra experta nos cont\u00f3 todas las novedades relacionadas con el s\u00e9ptimo arte.\u00a0<\/p>\n<audio class=\"wp-audio-shortcode\" id=\"audio-8609-2\" preload=\"none\" style=\"width: 100%;\" controls=\"controls\"><source type=\"audio\/mpeg\" src=\"https:\/\/www.ivoox.com\/bruselas-n-22-10-22-parte-ii_md_94557684_wp_1.mp3?_=2\" \/><a href=\"https:\/\/www.ivoox.com\/bruselas-n-22-10-22-parte-ii_md_94557684_wp_1.mp3\">https:\/\/www.ivoox.com\/bruselas-n-22-10-22-parte-ii_md_94557684_wp_1.mp3<\/a><\/audio>\n<p>\u00a0<\/p>\n\n\n","protected":false},"excerpt":{"rendered":"<div class=\"mh-excerpt\"><p>Hace tan solo unas semanas se completaba la primera fase de DART, una misi\u00f3n orientada a la defensa planetaria y en el programa del pasado s\u00e1bado abordamos cu\u00e1les son los siguientes pasos a seguir. Lo <a class=\"mh-excerpt-more\" href=\"https:\/\/radioalma.eu\/bruselas\/2022\/10\/22\/manana-despegamos-del-estudio-para-conocer-los-detalles-de-dos-importantes-misiones-espaciales\/\" title=\"Volamos al espacio y conocemos todo sobre dos de las misiones m\u00e1s importantes\">[&#8230;]<\/a><\/p>\n<\/div>","protected":false},"author":51,"featured_media":8645,"comment_status":"open","ping_status":"open","sticky":false,"template":"","format":"standard","meta":{"footnotes":""},"categories":[2698,2700],"tags":[2580,1745],"class_list":{"0":"post-8609","1":"post","2":"type-post","3":"status-publish","4":"format-standard","5":"has-post-thumbnail","7":"category-ciencia","8":"category-cultura","9":"tag-ciencia","10":"tag-cultura"},"_links":{"self":[{"href":"https:\/\/radioalma.eu\/bruselas\/wp-json\/wp\/v2\/posts\/8609","targetHints":{"allow":["GET"]}}],"collection":[{"href":"https:\/\/radioalma.eu\/bruselas\/wp-json\/wp\/v2\/posts"}],"about":[{"href":"https:\/\/radioalma.eu\/bruselas\/wp-json\/wp\/v2\/types\/post"}],"author":[{"embeddable":true,"href":"https:\/\/radioalma.eu\/bruselas\/wp-json\/wp\/v2\/users\/51"}],"replies":[{"embeddable":true,"href":"https:\/\/radioalma.eu\/bruselas\/wp-json\/wp\/v2\/comments?post=8609"}],"version-history":[{"count":0,"href":"https:\/\/radioalma.eu\/bruselas\/wp-json\/wp\/v2\/posts\/8609\/revisions"}],"wp:featuredmedia":[{"embeddable":true,"href":"https:\/\/radioalma.eu\/bruselas\/wp-json\/wp\/v2\/media\/8645"}],"wp:attachment":[{"href":"https:\/\/radioalma.eu\/bruselas\/wp-json\/wp\/v2\/media?parent=8609"}],"wp:term":[{"taxonomy":"category","embeddable":true,"href":"https:\/\/radioalma.eu\/bruselas\/wp-json\/wp\/v2\/categories?post=8609"},{"taxonomy":"post_tag","embeddable":true,"href":"https:\/\/radioalma.eu\/bruselas\/wp-json\/wp\/v2\/tags?post=8609"}],"curies":[{"name":"wp","href":"https:\/\/api.w.org\/{rel}","templated":true}]}}