{"id":8611,"date":"2022-10-20T10:31:39","date_gmt":"2022-10-20T09:31:39","guid":{"rendered":"https:\/\/radioalma.eu\/bruselas\/?p=8611"},"modified":"2022-10-20T10:31:42","modified_gmt":"2022-10-20T09:31:42","slug":"vuelve-la-noche-de-los-museos-y-trae-novedades-arte-lgtbiaq-comida-y-fiesta-en-el-c12","status":"publish","type":"post","link":"https:\/\/radioalma.eu\/bruselas\/2022\/10\/20\/vuelve-la-noche-de-los-museos-y-trae-novedades-arte-lgtbiaq-comida-y-fiesta-en-el-c12\/","title":{"rendered":"Vuelve la noche de los museos y trae novedades: arte LGTBIAQ+, comida y fiesta en el C12"},"content":{"rendered":"\n<p>Este s\u00e1bado regresa la <strong>decimoquinta edici\u00f3n del \u00ab<a href=\"https:\/\/www.museumnightfever.be\/en\/\">Museum Night Fever<\/a>\u00ab, organizada por Brussels Museums.<\/strong> Un total de <strong>34 museos abrir\u00e1n sus puertas al p\u00fablico desde las siete de la tarde hasta la una de la madrugada.<\/strong> Esta edici\u00f3n dar\u00e1 un lugar privilegiado a los artistas de la comunidad LGBTQIA+<\/p>\n<p>Los visitantes podr\u00e1n crear su propio itinerario a trav\u00e9s de un centenar de actividades art\u00edsticas. Entre las propuestas habr\u00e1 Jazz en el Museo de Ciencias Naturales y eventos en Cinematek y en el museo del Tren.<\/p>\n<p>Como cada a\u00f1o, los autobuses lanzaderas de la STIB funcionar\u00e1n de forma gratuita durante toda la noche y, como novedad, este a\u00f1o tambi\u00e9n <strong>se podr\u00e1 \u201cviajar en el tiempo\u201d y desplazarse en uno de los tranv\u00edas y autobuses hist\u00f3ricos de la ciudad de Bruselas.<\/strong> Esta edici\u00f3n ya sin restricciones incorpora comida y degustaciones de vinos en algunos museos y pondr\u00e1 el broche de oro con una <strong>fiesta en el espacio C12.<\/strong><\/p>\n<p>\u00a1Y atenci\u00f3n! No tires la pulsera despu\u00e9s del evento, porque tendr\u00e1s la oportunidad de visitar un \u00faltimo museo de entre todos los que participan, el d\u00eda que desees, hasta el 26 de noviembre. <strong>Audrey Tribolet<\/strong> de Brussels Museums pas\u00f3 por nuestros micr\u00f3fonos y <strong>nos cont\u00f3 todas las novedades<\/strong> de este a\u00f1o. Adem\u00e1s, <strong>nos dio recomendaciones para quienes vayan en familia, con amigos o en pareja.<\/strong><\/p>\n\n\n\n<figure class=\"wp-block-audio\"><audio controls src=\"https:\/\/radioalma.eu\/bruselas\/files\/2022\/10\/museos_2022_EDIT.mp3\"><\/audio><\/figure>\n","protected":false},"excerpt":{"rendered":"<div class=\"mh-excerpt\"><p>Este s\u00e1bado regresa la decimoquinta edici\u00f3n del \u00abMuseum Night Fever\u00ab, organizada por Brussels Museums. Un total de 34 museos abrir\u00e1n sus puertas al p\u00fablico desde las siete de la tarde hasta la una de la <a class=\"mh-excerpt-more\" href=\"https:\/\/radioalma.eu\/bruselas\/2022\/10\/20\/vuelve-la-noche-de-los-museos-y-trae-novedades-arte-lgtbiaq-comida-y-fiesta-en-el-c12\/\" title=\"Vuelve la noche de los museos y trae novedades: arte LGTBIAQ+, comida y fiesta en el C12\">[&#8230;]<\/a><\/p>\n<\/div>","protected":false},"author":109,"featured_media":8613,"comment_status":"open","ping_status":"open","sticky":false,"template":"","format":"standard","meta":{"footnotes":""},"categories":[26,2700],"tags":[],"class_list":{"0":"post-8611","1":"post","2":"type-post","3":"status-publish","4":"format-standard","5":"has-post-thumbnail","7":"category-agenda-cultural","8":"category-cultura"},"_links":{"self":[{"href":"https:\/\/radioalma.eu\/bruselas\/wp-json\/wp\/v2\/posts\/8611","targetHints":{"allow":["GET"]}}],"collection":[{"href":"https:\/\/radioalma.eu\/bruselas\/wp-json\/wp\/v2\/posts"}],"about":[{"href":"https:\/\/radioalma.eu\/bruselas\/wp-json\/wp\/v2\/types\/post"}],"author":[{"embeddable":true,"href":"https:\/\/radioalma.eu\/bruselas\/wp-json\/wp\/v2\/users\/109"}],"replies":[{"embeddable":true,"href":"https:\/\/radioalma.eu\/bruselas\/wp-json\/wp\/v2\/comments?post=8611"}],"version-history":[{"count":0,"href":"https:\/\/radioalma.eu\/bruselas\/wp-json\/wp\/v2\/posts\/8611\/revisions"}],"wp:featuredmedia":[{"embeddable":true,"href":"https:\/\/radioalma.eu\/bruselas\/wp-json\/wp\/v2\/media\/8613"}],"wp:attachment":[{"href":"https:\/\/radioalma.eu\/bruselas\/wp-json\/wp\/v2\/media?parent=8611"}],"wp:term":[{"taxonomy":"category","embeddable":true,"href":"https:\/\/radioalma.eu\/bruselas\/wp-json\/wp\/v2\/categories?post=8611"},{"taxonomy":"post_tag","embeddable":true,"href":"https:\/\/radioalma.eu\/bruselas\/wp-json\/wp\/v2\/tags?post=8611"}],"curies":[{"name":"wp","href":"https:\/\/api.w.org\/{rel}","templated":true}]}}