{"id":8684,"date":"2022-10-31T12:00:00","date_gmt":"2022-10-31T11:00:00","guid":{"rendered":"https:\/\/radioalma.eu\/bruselas\/?p=8684"},"modified":"2022-10-28T13:42:51","modified_gmt":"2022-10-28T12:42:51","slug":"noemi-rodrigo-para-mi-lo-mas-importante-es-que-el-resultado-final-de-mi-obra-sumerja-al-espectador","status":"publish","type":"post","link":"https:\/\/radioalma.eu\/bruselas\/2022\/10\/31\/noemi-rodrigo-para-mi-lo-mas-importante-es-que-el-resultado-final-de-mi-obra-sumerja-al-espectador\/","title":{"rendered":"Noem\u00ed Rodrigo: \u00abPara m\u00ed lo m\u00e1s importante es que el resultado final de mi obra sumerja al espectador\u00bb"},"content":{"rendered":"\n<p>La <strong>Embajada de Espa\u00f1a en Bruselas<\/strong> ha retomado sus actividades de \u00abMediod\u00eda en la Embajada\u00bb. En esta ocasi\u00f3n, el recinto presenta la exposici\u00f3n \u00ab<a href=\"https:\/\/www.spainculture.be\/es\/region\/bruselas\/mediodias-de-la-embajada-artivismo-por-el-cambio-climatico\/\"><strong>Artivismo por el cambio clim\u00e1tico<\/strong><\/a>\u00ab, una exposici\u00f3n realizada por tres artistas espa\u00f1oles, en la que se aborda el<strong> problema del cambio clim\u00e1tico<\/strong> a trav\u00e9s de diferentes formas art\u00edsticas.\u00a0<\/p>\n<p>Desde <strong>Bruselas Con \u00d1<\/strong> hemos podido conversar con <a href=\"https:\/\/www.noemirodrigosabio.com\/\"><strong>Noem\u00ed Rodrigo<\/strong><\/a>, que participa en esta exposici\u00f3n. Su obra es principalmente fotogr\u00e1fica, aunque tambi\u00e9n combina elementos f\u00edsicos, sonoros, anal\u00f3gicos y digitales, que le permiten profundizar en c\u00f3mo la presencia del ser humano ha alterado los ecosistemas que captura su c\u00e1mara.\u00a0<\/p>\n<p>En esta exposici\u00f3n, adem\u00e1s, tambi\u00e9n participan <strong>Joe Dart y Richard Le Manz<\/strong>. La muestra estar\u00e1 disponible para todo el p\u00fablico hasta el d\u00eda 31 de diciembre de este a\u00f1o.\u00a0<\/p>\n\n\n\n<figure class=\"wp-block-audio\"><audio controls src=\"https:\/\/radioalma.eu\/bruselas\/files\/2022\/10\/ENT-NOEMI-2.mp3\"><\/audio><\/figure>\n","protected":false},"excerpt":{"rendered":"<div class=\"mh-excerpt\"><p>La Embajada de Espa\u00f1a en Bruselas ha retomado sus actividades de \u00abMediod\u00eda en la Embajada\u00bb. En esta ocasi\u00f3n, el recinto presenta la exposici\u00f3n \u00abArtivismo por el cambio clim\u00e1tico\u00ab, una exposici\u00f3n realizada por tres artistas espa\u00f1oles, <a class=\"mh-excerpt-more\" href=\"https:\/\/radioalma.eu\/bruselas\/2022\/10\/31\/noemi-rodrigo-para-mi-lo-mas-importante-es-que-el-resultado-final-de-mi-obra-sumerja-al-espectador\/\" title=\"Noem\u00ed Rodrigo: \u00abPara m\u00ed lo m\u00e1s importante es que el resultado final de mi obra sumerja al espectador\u00bb\">[&#8230;]<\/a><\/p>\n<\/div>","protected":false},"author":51,"featured_media":8688,"comment_status":"open","ping_status":"open","sticky":false,"template":"","format":"standard","meta":{"footnotes":""},"categories":[2700],"tags":[622,1745,2067,761],"class_list":{"0":"post-8684","1":"post","2":"type-post","3":"status-publish","4":"format-standard","5":"has-post-thumbnail","7":"category-cultura","8":"tag-arte","9":"tag-cultura","10":"tag-embajada-de-espana-en-belgica","11":"tag-fotografia"},"_links":{"self":[{"href":"https:\/\/radioalma.eu\/bruselas\/wp-json\/wp\/v2\/posts\/8684","targetHints":{"allow":["GET"]}}],"collection":[{"href":"https:\/\/radioalma.eu\/bruselas\/wp-json\/wp\/v2\/posts"}],"about":[{"href":"https:\/\/radioalma.eu\/bruselas\/wp-json\/wp\/v2\/types\/post"}],"author":[{"embeddable":true,"href":"https:\/\/radioalma.eu\/bruselas\/wp-json\/wp\/v2\/users\/51"}],"replies":[{"embeddable":true,"href":"https:\/\/radioalma.eu\/bruselas\/wp-json\/wp\/v2\/comments?post=8684"}],"version-history":[{"count":0,"href":"https:\/\/radioalma.eu\/bruselas\/wp-json\/wp\/v2\/posts\/8684\/revisions"}],"wp:featuredmedia":[{"embeddable":true,"href":"https:\/\/radioalma.eu\/bruselas\/wp-json\/wp\/v2\/media\/8688"}],"wp:attachment":[{"href":"https:\/\/radioalma.eu\/bruselas\/wp-json\/wp\/v2\/media?parent=8684"}],"wp:term":[{"taxonomy":"category","embeddable":true,"href":"https:\/\/radioalma.eu\/bruselas\/wp-json\/wp\/v2\/categories?post=8684"},{"taxonomy":"post_tag","embeddable":true,"href":"https:\/\/radioalma.eu\/bruselas\/wp-json\/wp\/v2\/tags?post=8684"}],"curies":[{"name":"wp","href":"https:\/\/api.w.org\/{rel}","templated":true}]}}