{"id":8696,"date":"2022-11-02T16:30:43","date_gmt":"2022-11-02T15:30:43","guid":{"rendered":"https:\/\/radioalma.eu\/bruselas\/?p=8696"},"modified":"2022-11-02T16:30:46","modified_gmt":"2022-11-02T15:30:46","slug":"berna-gonzalez-harbour-y-mikel-santiago-trajeron-la-novela-negra-espanola-a-bruselas-la-semana-pasada","status":"publish","type":"post","link":"https:\/\/radioalma.eu\/bruselas\/2022\/11\/02\/berna-gonzalez-harbour-y-mikel-santiago-trajeron-la-novela-negra-espanola-a-bruselas-la-semana-pasada\/","title":{"rendered":"Berna Gonz\u00e1lez Harbour y Mikel Santiago trajeron la novela negra espa\u00f1ola a Bruselas la semana pasada"},"content":{"rendered":"\n<p>La autora de&nbsp;<em>Verano en rojo&nbsp;<\/em>y el de <em>El mentiroso&nbsp;<\/em>conversaron el pasado mi\u00e9rcoles junto a otros referentes del g\u00e9nero como Andreu Mart\u00edn y Carlos Zan\u00f3n. La mesa redonda tuvo lugar en la sede del <strong>Instituto Cervantes<\/strong>, instituci\u00f3n que ha organizado las jornadas&nbsp;<em><strong>De los Mares del Norte a los Mares del Sur<\/strong>.&nbsp;<\/em>En esta serie de charlas han participado autores de toda Europa.&nbsp;<\/p>\n<p>Ambos escritores nos concedieron sendas entrevistas poco antes del inicio del coloquio. <strong>Gonz\u00e1lez Harbour<\/strong> destaca, entre otros asuntos, como se est\u00e1 adaptando su obra&nbsp;<em><strong>Verano en rojo<\/strong>&nbsp;<\/em>a la gran pantalla. Tambi\u00e9n explic\u00f3 qu\u00e9 oportunidades ofrece la novela negra que no lo haga otro g\u00e9nero. <strong>Mikel Santiago<\/strong>, por su parte, nos habl\u00f3 de su \u00faltima novela&nbsp;<em><strong>Entre los muertos<\/strong>&nbsp;<\/em>y ofreci\u00f3 unas cuantas pinceladas de c\u00f3mo, a su juicio, debe escribirse una historia de misterio.&nbsp;Los dos coinciden en la importancia de eventos como este. &nbsp;<\/p>\n<p>&nbsp;<\/p>\n\n\n\n<figure class=\"wp-block-audio\"><audio controls src=\"https:\/\/radioalma.eu\/bruselas\/files\/2022\/11\/SEMANA-NOVELA-NEGRA-BLOQUE.mp3\"><\/audio><\/figure>\n\n\n","protected":false},"excerpt":{"rendered":"<div class=\"mh-excerpt\"><p>La autora de&nbsp;Verano en rojo&nbsp;y el de El mentiroso&nbsp;conversaron el pasado mi\u00e9rcoles junto a otros referentes del g\u00e9nero como Andreu Mart\u00edn y Carlos Zan\u00f3n. La mesa redonda tuvo lugar en la sede del Instituto Cervantes, <a class=\"mh-excerpt-more\" href=\"https:\/\/radioalma.eu\/bruselas\/2022\/11\/02\/berna-gonzalez-harbour-y-mikel-santiago-trajeron-la-novela-negra-espanola-a-bruselas-la-semana-pasada\/\" title=\"Berna Gonz\u00e1lez Harbour y Mikel Santiago trajeron la novela negra espa\u00f1ola a Bruselas la semana pasada\">[&#8230;]<\/a><\/p>\n<\/div>","protected":false},"author":51,"featured_media":8699,"comment_status":"open","ping_status":"open","sticky":false,"template":"","format":"standard","meta":{"footnotes":""},"categories":[26,2700,29],"tags":[],"class_list":{"0":"post-8696","1":"post","2":"type-post","3":"status-publish","4":"format-standard","5":"has-post-thumbnail","7":"category-agenda-cultural","8":"category-cultura","9":"category-protagonista-de-la-semana"},"_links":{"self":[{"href":"https:\/\/radioalma.eu\/bruselas\/wp-json\/wp\/v2\/posts\/8696","targetHints":{"allow":["GET"]}}],"collection":[{"href":"https:\/\/radioalma.eu\/bruselas\/wp-json\/wp\/v2\/posts"}],"about":[{"href":"https:\/\/radioalma.eu\/bruselas\/wp-json\/wp\/v2\/types\/post"}],"author":[{"embeddable":true,"href":"https:\/\/radioalma.eu\/bruselas\/wp-json\/wp\/v2\/users\/51"}],"replies":[{"embeddable":true,"href":"https:\/\/radioalma.eu\/bruselas\/wp-json\/wp\/v2\/comments?post=8696"}],"version-history":[{"count":0,"href":"https:\/\/radioalma.eu\/bruselas\/wp-json\/wp\/v2\/posts\/8696\/revisions"}],"wp:featuredmedia":[{"embeddable":true,"href":"https:\/\/radioalma.eu\/bruselas\/wp-json\/wp\/v2\/media\/8699"}],"wp:attachment":[{"href":"https:\/\/radioalma.eu\/bruselas\/wp-json\/wp\/v2\/media?parent=8696"}],"wp:term":[{"taxonomy":"category","embeddable":true,"href":"https:\/\/radioalma.eu\/bruselas\/wp-json\/wp\/v2\/categories?post=8696"},{"taxonomy":"post_tag","embeddable":true,"href":"https:\/\/radioalma.eu\/bruselas\/wp-json\/wp\/v2\/tags?post=8696"}],"curies":[{"name":"wp","href":"https:\/\/api.w.org\/{rel}","templated":true}]}}