{"id":8732,"date":"2022-11-07T11:14:49","date_gmt":"2022-11-07T10:14:49","guid":{"rendered":"https:\/\/radioalma.eu\/bruselas\/?p=8732"},"modified":"2022-11-07T13:17:54","modified_gmt":"2022-11-07T12:17:54","slug":"la-musica-tradicional-vasca-inundara-el-teatro-mercelis-gracias-a-kalakan","status":"publish","type":"post","link":"https:\/\/radioalma.eu\/bruselas\/2022\/11\/07\/la-musica-tradicional-vasca-inundara-el-teatro-mercelis-gracias-a-kalakan\/","title":{"rendered":"La m\u00fasica tradicional vasca inundar\u00e1 el s\u00e1bado 12 de noviembre el teatro Mercelis gracias a Kalakan"},"content":{"rendered":"\n<p>El grupo de m\u00fasica vasca <strong>Kalakan<\/strong> llega a Bruselas para ofrecer la esencia del repertorio tradicional de esta regi\u00f3n. Para ello, este tr\u00edo formado por <strong>Jamixel Bereau, Xan Errotabehere y Pierre Sangla<\/strong> se inspira en las t\u00e9cnicas de percusi\u00f3n de grupos de m\u00fasica tradicional de pa\u00edses como Ucrania o Brasil.&nbsp;<\/p>\n<p>El concierto tendr\u00e1 lugar el s\u00e1bado <strong>12 de noviembre en el Teatro Merceis de Ixelles.<\/strong> Est\u00e1 organizado por la <strong>Bruselako Euskal Extea<\/strong> y tiene un precio de 25 euros, aunque los socios y los menores de 25 a\u00f1os tienen descuentos.&nbsp;<\/p>\n<p>En el programa de esta semana hablamos con Xan Errotabehere, miembro de este grupo, que nos cuenta sus impresiones sobre el concierto y cu\u00e1les son sus planes a futuro.&nbsp;<\/p>\n\n\n\n<figure class=\"wp-block-audio\"><audio controls src=\"https:\/\/radioalma.eu\/bruselas\/files\/2022\/11\/kalakan.mp3\"><\/audio><\/figure>\n","protected":false},"excerpt":{"rendered":"<div class=\"mh-excerpt\"><p>El grupo de m\u00fasica vasca Kalakan llega a Bruselas para ofrecer la esencia del repertorio tradicional de esta regi\u00f3n. Para ello, este tr\u00edo formado por Jamixel Bereau, Xan Errotabehere y Pierre Sangla se inspira en <a class=\"mh-excerpt-more\" href=\"https:\/\/radioalma.eu\/bruselas\/2022\/11\/07\/la-musica-tradicional-vasca-inundara-el-teatro-mercelis-gracias-a-kalakan\/\" title=\"La m\u00fasica tradicional vasca inundar\u00e1 el s\u00e1bado 12 de noviembre el teatro Mercelis gracias a Kalakan\">[&#8230;]<\/a><\/p>\n<\/div>","protected":false},"author":51,"featured_media":8734,"comment_status":"open","ping_status":"open","sticky":false,"template":"","format":"standard","meta":{"footnotes":""},"categories":[26,2700],"tags":[739,776,1745],"class_list":{"0":"post-8732","1":"post","2":"type-post","3":"status-publish","4":"format-standard","5":"has-post-thumbnail","7":"category-agenda-cultural","8":"category-cultura","9":"tag-agenda","10":"tag-concierto","11":"tag-cultura"},"_links":{"self":[{"href":"https:\/\/radioalma.eu\/bruselas\/wp-json\/wp\/v2\/posts\/8732","targetHints":{"allow":["GET"]}}],"collection":[{"href":"https:\/\/radioalma.eu\/bruselas\/wp-json\/wp\/v2\/posts"}],"about":[{"href":"https:\/\/radioalma.eu\/bruselas\/wp-json\/wp\/v2\/types\/post"}],"author":[{"embeddable":true,"href":"https:\/\/radioalma.eu\/bruselas\/wp-json\/wp\/v2\/users\/51"}],"replies":[{"embeddable":true,"href":"https:\/\/radioalma.eu\/bruselas\/wp-json\/wp\/v2\/comments?post=8732"}],"version-history":[{"count":0,"href":"https:\/\/radioalma.eu\/bruselas\/wp-json\/wp\/v2\/posts\/8732\/revisions"}],"wp:featuredmedia":[{"embeddable":true,"href":"https:\/\/radioalma.eu\/bruselas\/wp-json\/wp\/v2\/media\/8734"}],"wp:attachment":[{"href":"https:\/\/radioalma.eu\/bruselas\/wp-json\/wp\/v2\/media?parent=8732"}],"wp:term":[{"taxonomy":"category","embeddable":true,"href":"https:\/\/radioalma.eu\/bruselas\/wp-json\/wp\/v2\/categories?post=8732"},{"taxonomy":"post_tag","embeddable":true,"href":"https:\/\/radioalma.eu\/bruselas\/wp-json\/wp\/v2\/tags?post=8732"}],"curies":[{"name":"wp","href":"https:\/\/api.w.org\/{rel}","templated":true}]}}