{"id":8756,"date":"2022-11-11T16:00:00","date_gmt":"2022-11-11T15:00:00","guid":{"rendered":"https:\/\/radioalma.eu\/bruselas\/?p=8756"},"modified":"2022-11-14T10:34:48","modified_gmt":"2022-11-14T09:34:48","slug":"esta-semana-repasamos-la-situacion-de-las-zonas-verdes-de-bruselas-en-especial-del-marais-weils","status":"publish","type":"post","link":"https:\/\/radioalma.eu\/bruselas\/2022\/11\/11\/esta-semana-repasamos-la-situacion-de-las-zonas-verdes-de-bruselas-en-especial-del-marais-weils\/","title":{"rendered":"Esta semana tratamos la problem\u00e1tica del Marais Wiels y repasamos toda la cultura en espa\u00f1ol"},"content":{"rendered":"\n<p><span style=\"font-weight: 400\">En el programa de esta semana hacemos un repaso a la actualidad habitual, pero esta vez lo hacemos estrenando dos nuevas secciones. Conocemos la agenda cultural al completo para esta semana y todo lo que ha dado de s\u00ed el mundo de los deportes. Continuamos hablando de la problem\u00e1tica de los espacios verdes en Bruselas, en concreto del caso del <a href=\"https:\/\/www.facebook.com\/groups\/maraiswiels\/\"><strong>Marais Wiels<\/strong><\/a>. Para ello, entrevistamos a <strong>Leila Bensalem<\/strong>, una de las <em>hadas<\/em> del pantano, que se encarga de su conservaci\u00f3n y limpieza.\u00a0\u00a0<\/span><\/p>\n<p><span style=\"font-weight: 400\">Cerramos el primer bloque con cine, de la mano del <strong>director catal\u00e1n Marc Ferrer,<\/strong> que ha proyectado su pel\u00edcula \u201c<em>Corten<\/em>\u201d en el festival <a href=\"https:\/\/pinkscreens.org\/fr\/pink-screens\"><strong>Pink<\/strong> <strong>Screens<\/strong><\/a><strong>.<\/strong> Este evento busca dar visibilidad al colectivo queer y LGTBIQ+ y est\u00e1 celebrando en Bruselas su 21\u00aa edici\u00f3n.<\/span><\/p>\n<audio class=\"wp-audio-shortcode\" id=\"audio-8756-1\" preload=\"none\" style=\"width: 100%;\" controls=\"controls\"><source type=\"audio\/mpeg\" src=\"https:\/\/www.ivoox.com\/bruselas-n-12-11-22-parte-i_md_96339786_wp_1.mp3?_=1\" \/><a href=\"https:\/\/www.ivoox.com\/bruselas-n-12-11-22-parte-i_md_96339786_wp_1.mp3\">https:\/\/www.ivoox.com\/bruselas-n-12-11-22-parte-i_md_96339786_wp_1.mp3<\/a><\/audio>\n<p><span style=\"font-weight: 400\">En la segunda parte damos un paseo por el barrio de <\/span><span style=\"font-weight: 400\"><b>Marolles<\/b> con la investigadora Marisa S\u00e1nchez, quien nos ense\u00f1a el proceso migratorio de los espa\u00f1oles durante los a\u00f1os 60. <\/span><span style=\"font-weight: 400\">Charlaremos, adem\u00e1s, con \u201c<strong>Comedia en Bruselas<\/strong>\u201d, que vuelve a los escenarios con el mon\u00f3logo \u00abNi\u00f1o a los 40\u00bb de Txemi Parra.<\/span><\/p>\n<p><span style=\"font-weight: 400\">Como cada dos semanas, nuestra colaboradora<strong> Laia Boloix<\/strong> nos trae su secci\u00f3n de arquitectura. En esta ocasi\u00f3n, descubrimos la <strong>Maison Saint-Cyr,<\/strong> uno de los ejemplos m\u00e1s extravagantes del modernismo bruselense. <\/span><span style=\"font-weight: 400\">Y cerramos el programa con la secci\u00f3n semanal de <strong>cine<\/strong> de nuestra compa\u00f1era <strong>Ana Mart\u00ednez.<\/strong><\/span><\/p>\n<audio class=\"wp-audio-shortcode\" id=\"audio-8756-2\" preload=\"none\" style=\"width: 100%;\" controls=\"controls\"><source type=\"audio\/mpeg\" src=\"https:\/\/www.ivoox.com\/bruselas-n-12-11-22-parte-ii_md_96339848_wp_1.mp3?_=2\" \/><a href=\"https:\/\/www.ivoox.com\/bruselas-n-12-11-22-parte-ii_md_96339848_wp_1.mp3\">https:\/\/www.ivoox.com\/bruselas-n-12-11-22-parte-ii_md_96339848_wp_1.mp3<\/a><\/audio>\n<p>\u00a0<\/p>\n\n\n","protected":false},"excerpt":{"rendered":"<div class=\"mh-excerpt\"><p>En el programa de esta semana hacemos un repaso a la actualidad habitual, pero esta vez lo hacemos estrenando dos nuevas secciones. Conocemos la agenda cultural al completo para esta semana y todo lo que <a class=\"mh-excerpt-more\" href=\"https:\/\/radioalma.eu\/bruselas\/2022\/11\/11\/esta-semana-repasamos-la-situacion-de-las-zonas-verdes-de-bruselas-en-especial-del-marais-weils\/\" title=\"Esta semana tratamos la problem\u00e1tica del Marais Wiels y repasamos toda la cultura en espa\u00f1ol\">[&#8230;]<\/a><\/p>\n<\/div>","protected":false},"author":51,"featured_media":8770,"comment_status":"open","ping_status":"open","sticky":false,"template":"","format":"standard","meta":{"footnotes":""},"categories":[26,2704],"tags":[1735,1745,971],"class_list":{"0":"post-8756","1":"post","2":"type-post","3":"status-publish","4":"format-standard","5":"has-post-thumbnail","7":"category-agenda-cultural","8":"category-social","9":"tag-actualidad","10":"tag-cultura","11":"tag-medioambiente"},"_links":{"self":[{"href":"https:\/\/radioalma.eu\/bruselas\/wp-json\/wp\/v2\/posts\/8756","targetHints":{"allow":["GET"]}}],"collection":[{"href":"https:\/\/radioalma.eu\/bruselas\/wp-json\/wp\/v2\/posts"}],"about":[{"href":"https:\/\/radioalma.eu\/bruselas\/wp-json\/wp\/v2\/types\/post"}],"author":[{"embeddable":true,"href":"https:\/\/radioalma.eu\/bruselas\/wp-json\/wp\/v2\/users\/51"}],"replies":[{"embeddable":true,"href":"https:\/\/radioalma.eu\/bruselas\/wp-json\/wp\/v2\/comments?post=8756"}],"version-history":[{"count":0,"href":"https:\/\/radioalma.eu\/bruselas\/wp-json\/wp\/v2\/posts\/8756\/revisions"}],"wp:featuredmedia":[{"embeddable":true,"href":"https:\/\/radioalma.eu\/bruselas\/wp-json\/wp\/v2\/media\/8770"}],"wp:attachment":[{"href":"https:\/\/radioalma.eu\/bruselas\/wp-json\/wp\/v2\/media?parent=8756"}],"wp:term":[{"taxonomy":"category","embeddable":true,"href":"https:\/\/radioalma.eu\/bruselas\/wp-json\/wp\/v2\/categories?post=8756"},{"taxonomy":"post_tag","embeddable":true,"href":"https:\/\/radioalma.eu\/bruselas\/wp-json\/wp\/v2\/tags?post=8756"}],"curies":[{"name":"wp","href":"https:\/\/api.w.org\/{rel}","templated":true}]}}