{"id":8772,"date":"2022-11-14T11:26:54","date_gmt":"2022-11-14T10:26:54","guid":{"rendered":"https:\/\/radioalma.eu\/bruselas\/?p=8772"},"modified":"2022-11-14T11:28:41","modified_gmt":"2022-11-14T10:28:41","slug":"regresa-comedia-en-bruselas-con-el-monologo-nino-a-los-40-de-txemi-parra","status":"publish","type":"post","link":"https:\/\/radioalma.eu\/bruselas\/2022\/11\/14\/regresa-comedia-en-bruselas-con-el-monologo-nino-a-los-40-de-txemi-parra\/","title":{"rendered":"Regresa Comedia en Bruselas con el mon\u00f3logo \u00abNi\u00f1o a los 40\u00bb de Txemi Parra"},"content":{"rendered":"\n<p><strong>\u00ab\u00bfEn qu\u00e9 idioma te sabes re\u00edr mejor?\u00bb<\/strong> Con esta pregunta responde una de las creadoras de <strong><a href=\"https:\/\/www.comediaenbruselas.es\/\">Comedia en Bruselas<\/a>, Angie Rueda,<\/strong> cu\u00e1ndo le preguntamos por qu\u00e9 los oyentes no se pueden perder el mon\u00f3logo del <strong>pr\u00f3ximo s\u00e1bado 19 de noviembre.<\/strong> <strong>La respuesta no deja lugar a dudas: en espa\u00f1ol.<\/strong><\/p>\n<p><strong>A partir de las 19h el Hotel Aloft acoger\u00e1 la vuelta a los escenarios<\/strong> del grupo que impulsa el humor en espa\u00f1ol en la capital belga, tras el par\u00f3n a causa de la pandemia. Para esta especial ocasi\u00f3n, el responsable de desatar las carcajadas del p\u00fablico <strong>ser\u00e1 el actor y guionista <a href=\"https:\/\/www.instagram.com\/txemiparra\/?hl=es\">Txemi Parra<\/a><\/strong>, que abordar\u00e1 de una forma divertida el <strong>complejo de Peter Pan<\/strong>. Un s\u00edndrome que, seg\u00fan admite, \u00e9l mismo padece y que le ha servido para acabar convirti\u00e9ndolo en el <strong>mon\u00f3logo \u201cNi\u00f1o a los 40\u201d.<\/strong><\/p>\n<p>En el programa del s\u00e1bado, Angie y Txemi pasaron por nuestros micr\u00f3fonos y nos contaron que est\u00e1n <strong>ilusionados y nerviosos ante este regreso.<\/strong> Juntos han compartido charlas y apoyo mutuo delante de unas cervezas durante los momentos m\u00e1s duros de la pandemia que tanto afect\u00f3 a la cultura. Por este motivo, <strong>\u00abten\u00eda que ser Txemi quien saliera al escenario para esta vuelta\u00bb<\/strong>, dice Angie, <strong>\u00abporque vive en Bruselas y se lo merec\u00eda\u00bb<\/strong>. Aunque, seg\u00fan Txemi, es porque <strong>\u00abno hab\u00eda que pagar hotel ni avi\u00f3n\u00bb<\/strong>, asegura entre risas.<\/p>\n\n\n\n<figure class=\"wp-block-audio\"><audio controls src=\"https:\/\/radioalma.eu\/bruselas\/files\/2022\/11\/ComediaBxl.mp3\"><\/audio><\/figure>\n\n\n\n<p>Adem\u00e1s de actor y guionista, <strong>Txemi es escritor<\/strong> y otras tantas cosas. Ha realizado shows en el <strong>Club de la Comedia y en Paramount Comedy<\/strong> y actualmente se encuentra <strong>inmerso en la publicaci\u00f3n de su tercer libro. Hace unas semanas viaj\u00f3 a Nueva York<\/strong>, ciudad en la que ha vivido durante a\u00f1os y donde todav\u00eda trabaja varias compa\u00f1\u00edas de teatro, para ultimar los detalles de una de las obras que est\u00e1 escribiendo.<\/p>\n<p>El show de este s\u00e1bado <strong>promete tanto como la temporada de Comedia en Bruselas.<\/strong> Entre los nombres que visitar\u00e1n la capital ya hay algunas confirmaciones como: <strong>Kik\u00edn, Alex O&#8217;dogherty y Goyo Jim\u00e9nez<\/strong> y, atenci\u00f3n, porque tambi\u00e9n habr\u00e1 espacio para el <strong>concurso de mon\u00f3logos<\/strong> que trunc\u00f3 la pandemia. Carcajadas aseguradas, alegr\u00eda y mucho esfuerzo para conseguir una <strong>\u00abvuelta en may\u00fasculas\u00bb.<\/strong><\/p>\n<p>Puedes conseguir las <strong>entradas<\/strong> en la <strong><a href=\"https:\/\/www.comediaenbruselas.es\/events\/monologo-de-txemi-parra\/\">web de Comedia en Bruselas.<\/a><\/strong><\/p>\n","protected":false},"excerpt":{"rendered":"<div class=\"mh-excerpt\"><p>\u00ab\u00bfEn qu\u00e9 idioma te sabes re\u00edr mejor?\u00bb Con esta pregunta responde una de las creadoras de Comedia en Bruselas, Angie Rueda, cu\u00e1ndo le preguntamos por qu\u00e9 los oyentes no se pueden perder el mon\u00f3logo del <a class=\"mh-excerpt-more\" href=\"https:\/\/radioalma.eu\/bruselas\/2022\/11\/14\/regresa-comedia-en-bruselas-con-el-monologo-nino-a-los-40-de-txemi-parra\/\" title=\"Regresa Comedia en Bruselas con el mon\u00f3logo \u00abNi\u00f1o a los 40\u00bb de Txemi Parra\">[&#8230;]<\/a><\/p>\n<\/div>","protected":false},"author":109,"featured_media":8778,"comment_status":"open","ping_status":"open","sticky":false,"template":"","format":"standard","meta":{"footnotes":""},"categories":[26,2700,29],"tags":[],"class_list":{"0":"post-8772","1":"post","2":"type-post","3":"status-publish","4":"format-standard","5":"has-post-thumbnail","7":"category-agenda-cultural","8":"category-cultura","9":"category-protagonista-de-la-semana"},"_links":{"self":[{"href":"https:\/\/radioalma.eu\/bruselas\/wp-json\/wp\/v2\/posts\/8772","targetHints":{"allow":["GET"]}}],"collection":[{"href":"https:\/\/radioalma.eu\/bruselas\/wp-json\/wp\/v2\/posts"}],"about":[{"href":"https:\/\/radioalma.eu\/bruselas\/wp-json\/wp\/v2\/types\/post"}],"author":[{"embeddable":true,"href":"https:\/\/radioalma.eu\/bruselas\/wp-json\/wp\/v2\/users\/109"}],"replies":[{"embeddable":true,"href":"https:\/\/radioalma.eu\/bruselas\/wp-json\/wp\/v2\/comments?post=8772"}],"version-history":[{"count":0,"href":"https:\/\/radioalma.eu\/bruselas\/wp-json\/wp\/v2\/posts\/8772\/revisions"}],"wp:featuredmedia":[{"embeddable":true,"href":"https:\/\/radioalma.eu\/bruselas\/wp-json\/wp\/v2\/media\/8778"}],"wp:attachment":[{"href":"https:\/\/radioalma.eu\/bruselas\/wp-json\/wp\/v2\/media?parent=8772"}],"wp:term":[{"taxonomy":"category","embeddable":true,"href":"https:\/\/radioalma.eu\/bruselas\/wp-json\/wp\/v2\/categories?post=8772"},{"taxonomy":"post_tag","embeddable":true,"href":"https:\/\/radioalma.eu\/bruselas\/wp-json\/wp\/v2\/tags?post=8772"}],"curies":[{"name":"wp","href":"https:\/\/api.w.org\/{rel}","templated":true}]}}