{"id":8783,"date":"2022-11-14T14:57:50","date_gmt":"2022-11-14T13:57:50","guid":{"rendered":"https:\/\/radioalma.eu\/bruselas\/?p=8783"},"modified":"2022-11-15T09:19:40","modified_gmt":"2022-11-15T08:19:40","slug":"arquitectura-con-laia-boloix-nos-transportamos-a-la-maison-saint-cyr-de-bruselas","status":"publish","type":"post","link":"https:\/\/radioalma.eu\/bruselas\/2022\/11\/14\/arquitectura-con-laia-boloix-nos-transportamos-a-la-maison-saint-cyr-de-bruselas\/","title":{"rendered":"Arquitectura con Laia Boloix: nos transportamos a la Maison Saint-Cyr de Bruselas"},"content":{"rendered":"\n<p><span style=\"font-weight: 400\">Esta semana hemos conocido a fondo la<strong> Maison Saint-Cyr<\/strong> de la mano de<strong> Laira Boloix<\/strong>. Esta construcci\u00f3n es uno de los ejemplos m\u00e1s extravagantes del modernismo bruselense. Fue dise\u00f1ada por el arquitecto Gustave Strauwen, disc\u00edpulo de V\u00edctor Horta, y construida entre 1900 y 1903 para el pintor y decorador <\/span><span style=\"font-weight: 400\">L\u00e9onard de Saint-Cyr.&nbsp;<\/span><\/p>\n<p><span style=\"font-weight: 400\">En 1967 fue considerada de todo menos una obra de arte debido a la falta de unidad y el choque de elementos que la componen. Su interior es, todav\u00eda, todo un misterio.<\/span><\/p>\n\n\n\n<figure class=\"wp-block-audio\"><audio controls src=\"https:\/\/radioalma.eu\/bruselas\/files\/2022\/11\/laia.mp3\"><\/audio><\/figure>\n\n\n","protected":false},"excerpt":{"rendered":"<div class=\"mh-excerpt\"><p>Esta semana hemos conocido a fondo la Maison Saint-Cyr de la mano de Laira Boloix. Esta construcci\u00f3n es uno de los ejemplos m\u00e1s extravagantes del modernismo bruselense. Fue dise\u00f1ada por el arquitecto Gustave Strauwen, disc\u00edpulo <a class=\"mh-excerpt-more\" href=\"https:\/\/radioalma.eu\/bruselas\/2022\/11\/14\/arquitectura-con-laia-boloix-nos-transportamos-a-la-maison-saint-cyr-de-bruselas\/\" title=\"Arquitectura con Laia Boloix: nos transportamos a la Maison Saint-Cyr de Bruselas\">[&#8230;]<\/a><\/p>\n<\/div>","protected":false},"author":51,"featured_media":8789,"comment_status":"open","ping_status":"open","sticky":false,"template":"","format":"standard","meta":{"footnotes":""},"categories":[2700],"tags":[829,27,2658],"class_list":{"0":"post-8783","1":"post","2":"type-post","3":"status-publish","4":"format-standard","5":"has-post-thumbnail","7":"category-cultura","8":"tag-arquitectura","9":"tag-bruselas-agenda-cultural","10":"tag-historia"},"_links":{"self":[{"href":"https:\/\/radioalma.eu\/bruselas\/wp-json\/wp\/v2\/posts\/8783","targetHints":{"allow":["GET"]}}],"collection":[{"href":"https:\/\/radioalma.eu\/bruselas\/wp-json\/wp\/v2\/posts"}],"about":[{"href":"https:\/\/radioalma.eu\/bruselas\/wp-json\/wp\/v2\/types\/post"}],"author":[{"embeddable":true,"href":"https:\/\/radioalma.eu\/bruselas\/wp-json\/wp\/v2\/users\/51"}],"replies":[{"embeddable":true,"href":"https:\/\/radioalma.eu\/bruselas\/wp-json\/wp\/v2\/comments?post=8783"}],"version-history":[{"count":0,"href":"https:\/\/radioalma.eu\/bruselas\/wp-json\/wp\/v2\/posts\/8783\/revisions"}],"wp:featuredmedia":[{"embeddable":true,"href":"https:\/\/radioalma.eu\/bruselas\/wp-json\/wp\/v2\/media\/8789"}],"wp:attachment":[{"href":"https:\/\/radioalma.eu\/bruselas\/wp-json\/wp\/v2\/media?parent=8783"}],"wp:term":[{"taxonomy":"category","embeddable":true,"href":"https:\/\/radioalma.eu\/bruselas\/wp-json\/wp\/v2\/categories?post=8783"},{"taxonomy":"post_tag","embeddable":true,"href":"https:\/\/radioalma.eu\/bruselas\/wp-json\/wp\/v2\/tags?post=8783"}],"curies":[{"name":"wp","href":"https:\/\/api.w.org\/{rel}","templated":true}]}}