{"id":8827,"date":"2022-11-18T08:49:24","date_gmt":"2022-11-18T07:49:24","guid":{"rendered":"https:\/\/radioalma.eu\/bruselas\/?p=8827"},"modified":"2022-11-18T08:50:02","modified_gmt":"2022-11-18T07:50:02","slug":"recorremos-el-marolles-de-la-inmigracion-espanola","status":"publish","type":"post","link":"https:\/\/radioalma.eu\/bruselas\/2022\/11\/18\/recorremos-el-marolles-de-la-inmigracion-espanola\/","title":{"rendered":"Recorremos el Marolles de la inmigraci\u00f3n espa\u00f1ola"},"content":{"rendered":"\n<p>La gu\u00eda espa\u00f1ola <strong>Marisa S\u00e1nchez<\/strong> nos propone ma\u00f1ana una <strong>visita guiada<\/strong> por el barrio bruselense de <strong>Marolles para entender mejor c\u00f3mo fue el proceso migratorio de los espa\u00f1oles durante los 60.<\/strong> Marisa trabaja en la asociaci\u00f3n <strong><a href=\"https:\/\/zinneguides.be\/\">Zinneguides<\/a><\/strong> que tiene el objetivo de <strong>derrocar los prejuicios de la migraci\u00f3n a trav\u00f1es de visitas guuiadas en diferentes sitios de la ciudad<\/strong> al tiempo que descubre la aportaci\u00f3n de \u00e9sta a la historia y pratrimonio bruselense. Estas investigaciones se llevan a cabo gracias a la recopilaci\u00f3n de testimonios orales, documentos, fotograf\u00edas y entrevistas a habitantes y comerciantes para contar la historia desde sus puntos de vista.<\/p>\n<p>En el \u00faltimo programa charlamos con ella sobre este paseo.<\/p>\n\n\n\n<figure class=\"wp-block-audio\"><audio controls src=\"https:\/\/radioalma.eu\/bruselas\/files\/2022\/11\/marisa_ENT.mp3\"><\/audio><\/figure>\n\n\n\n<p>Puedes apuntarte a la visita <a href=\"https:\/\/docs.google.com\/forms\/d\/e\/1FAIpQLScoTbJXQ0vgJHY0_7izT3NivC2WOtonRPS9W9uuh2ENBNHp3w\/viewform\">aqu\u00ed.<\/a><\/p>\n","protected":false},"excerpt":{"rendered":"<div class=\"mh-excerpt\"><p>La gu\u00eda espa\u00f1ola Marisa S\u00e1nchez nos propone ma\u00f1ana una visita guiada por el barrio bruselense de Marolles para entender mejor c\u00f3mo fue el proceso migratorio de los espa\u00f1oles durante los 60. Marisa trabaja en la <a class=\"mh-excerpt-more\" href=\"https:\/\/radioalma.eu\/bruselas\/2022\/11\/18\/recorremos-el-marolles-de-la-inmigracion-espanola\/\" title=\"Recorremos el Marolles de la inmigraci\u00f3n espa\u00f1ola\">[&#8230;]<\/a><\/p>\n<\/div>","protected":false},"author":109,"featured_media":8829,"comment_status":"open","ping_status":"open","sticky":false,"template":"","format":"standard","meta":{"footnotes":""},"categories":[26],"tags":[],"class_list":{"0":"post-8827","1":"post","2":"type-post","3":"status-publish","4":"format-standard","5":"has-post-thumbnail","7":"category-agenda-cultural"},"_links":{"self":[{"href":"https:\/\/radioalma.eu\/bruselas\/wp-json\/wp\/v2\/posts\/8827","targetHints":{"allow":["GET"]}}],"collection":[{"href":"https:\/\/radioalma.eu\/bruselas\/wp-json\/wp\/v2\/posts"}],"about":[{"href":"https:\/\/radioalma.eu\/bruselas\/wp-json\/wp\/v2\/types\/post"}],"author":[{"embeddable":true,"href":"https:\/\/radioalma.eu\/bruselas\/wp-json\/wp\/v2\/users\/109"}],"replies":[{"embeddable":true,"href":"https:\/\/radioalma.eu\/bruselas\/wp-json\/wp\/v2\/comments?post=8827"}],"version-history":[{"count":0,"href":"https:\/\/radioalma.eu\/bruselas\/wp-json\/wp\/v2\/posts\/8827\/revisions"}],"wp:featuredmedia":[{"embeddable":true,"href":"https:\/\/radioalma.eu\/bruselas\/wp-json\/wp\/v2\/media\/8829"}],"wp:attachment":[{"href":"https:\/\/radioalma.eu\/bruselas\/wp-json\/wp\/v2\/media?parent=8827"}],"wp:term":[{"taxonomy":"category","embeddable":true,"href":"https:\/\/radioalma.eu\/bruselas\/wp-json\/wp\/v2\/categories?post=8827"},{"taxonomy":"post_tag","embeddable":true,"href":"https:\/\/radioalma.eu\/bruselas\/wp-json\/wp\/v2\/tags?post=8827"}],"curies":[{"name":"wp","href":"https:\/\/api.w.org\/{rel}","templated":true}]}}