{"id":8863,"date":"2022-11-22T11:07:20","date_gmt":"2022-11-22T10:07:20","guid":{"rendered":"https:\/\/radioalma.eu\/bruselas\/?p=8863"},"modified":"2022-11-22T11:07:23","modified_gmt":"2022-11-22T10:07:23","slug":"el-consejo-de-residentes-en-el-exterior-organiza-el-primer-foro-anual-para-la-ciudadania","status":"publish","type":"post","link":"https:\/\/radioalma.eu\/bruselas\/2022\/11\/22\/el-consejo-de-residentes-en-el-exterior-organiza-el-primer-foro-anual-para-la-ciudadania\/","title":{"rendered":"El Consejo de Residentes en el Exterior organiza el primer Foro Anual para la Ciudadan\u00eda"},"content":{"rendered":"\n<p>Este viernes d\u00eda 25 tendr\u00e1 lugar el <strong>Foro Anual para la Ciudadan\u00eda<\/strong>. La actividad est\u00e1 organizada por el <strong>Consejo de Residentes Espa\u00f1oles en el Exterior (CRE)<\/strong>, un \u00f3rgano ciudadano adscrito al Consulado de Espa\u00f1a. La ponencia comenzar\u00e1 a las <strong>16h30 en el Instituto Cervantes de Bruselas<\/strong> y contar\u00e1 con la colaboraci\u00f3n y participaci\u00f3n de instituciones espa\u00f1olas como el <strong>Consulado General de Espa\u00f1a en Bruselas, la Consejer\u00eda de Educaci\u00f3n y la Consejer\u00eda de Trabajo.<\/strong><\/p>\n<p>Tambi\u00e9n participar\u00e1n como ponentes <strong>Radio Alma, la Asociaci\u00f3n de Espa\u00f1oles en Instituciones Europeas, la asociaci\u00f3n de Cient\u00edficos Espa\u00f1oles en B\u00e9lgica (CEBE) y el C\u00edrculo Antonio Machado.<\/strong><\/p>\n<p>El encuentro servir\u00e1 para comprender la situaci\u00f3n actual de las asociaciones espa\u00f1olas en B\u00e9lgica y para intercambiar visiones sobre la ciudadan\u00eda residente. Para conocer todos los detalles hemos conversado con la presidenta del CRE, <strong>Isabel Proa\u00f1o.<\/strong><\/p>\n<audio class=\"wp-audio-shortcode\" id=\"audio-8863-1\" preload=\"none\" style=\"width: 100%;\" controls=\"controls\"><source type=\"audio\/mpeg\" src=\"https:\/\/www.ivoox.com\/entrevista-isabel-proano-presidenta-del-cre_md_96712003_wp_1.mp3?_=1\" \/><a href=\"https:\/\/www.ivoox.com\/entrevista-isabel-proano-presidenta-del-cre_md_96712003_wp_1.mp3\">https:\/\/www.ivoox.com\/entrevista-isabel-proano-presidenta-del-cre_md_96712003_wp_1.mp3<\/a><\/audio>\n","protected":false},"excerpt":{"rendered":"<div class=\"mh-excerpt\"><p>Este viernes d\u00eda 25 tendr\u00e1 lugar el Foro Anual para la Ciudadan\u00eda. La actividad est\u00e1 organizada por el Consejo de Residentes Espa\u00f1oles en el Exterior (CRE), un \u00f3rgano ciudadano adscrito al Consulado de Espa\u00f1a. La <a class=\"mh-excerpt-more\" href=\"https:\/\/radioalma.eu\/bruselas\/2022\/11\/22\/el-consejo-de-residentes-en-el-exterior-organiza-el-primer-foro-anual-para-la-ciudadania\/\" title=\"El Consejo de Residentes en el Exterior organiza el primer Foro Anual para la Ciudadan\u00eda\">[&#8230;]<\/a><\/p>\n<\/div>","protected":false},"author":109,"featured_media":8864,"comment_status":"open","ping_status":"open","sticky":false,"template":"","format":"standard","meta":{"footnotes":""},"categories":[26,2697,2704],"tags":[],"class_list":{"0":"post-8863","1":"post","2":"type-post","3":"status-publish","4":"format-standard","5":"has-post-thumbnail","7":"category-agenda-cultural","8":"category-europa","9":"category-social"},"_links":{"self":[{"href":"https:\/\/radioalma.eu\/bruselas\/wp-json\/wp\/v2\/posts\/8863","targetHints":{"allow":["GET"]}}],"collection":[{"href":"https:\/\/radioalma.eu\/bruselas\/wp-json\/wp\/v2\/posts"}],"about":[{"href":"https:\/\/radioalma.eu\/bruselas\/wp-json\/wp\/v2\/types\/post"}],"author":[{"embeddable":true,"href":"https:\/\/radioalma.eu\/bruselas\/wp-json\/wp\/v2\/users\/109"}],"replies":[{"embeddable":true,"href":"https:\/\/radioalma.eu\/bruselas\/wp-json\/wp\/v2\/comments?post=8863"}],"version-history":[{"count":0,"href":"https:\/\/radioalma.eu\/bruselas\/wp-json\/wp\/v2\/posts\/8863\/revisions"}],"wp:featuredmedia":[{"embeddable":true,"href":"https:\/\/radioalma.eu\/bruselas\/wp-json\/wp\/v2\/media\/8864"}],"wp:attachment":[{"href":"https:\/\/radioalma.eu\/bruselas\/wp-json\/wp\/v2\/media?parent=8863"}],"wp:term":[{"taxonomy":"category","embeddable":true,"href":"https:\/\/radioalma.eu\/bruselas\/wp-json\/wp\/v2\/categories?post=8863"},{"taxonomy":"post_tag","embeddable":true,"href":"https:\/\/radioalma.eu\/bruselas\/wp-json\/wp\/v2\/tags?post=8863"}],"curies":[{"name":"wp","href":"https:\/\/api.w.org\/{rel}","templated":true}]}}