{"id":8880,"date":"2022-11-28T10:58:20","date_gmt":"2022-11-28T09:58:20","guid":{"rendered":"https:\/\/radioalma.eu\/bruselas\/?p=8880"},"modified":"2022-11-28T10:58:23","modified_gmt":"2022-11-28T09:58:23","slug":"el-grupo-oleo-y-la-bailaora-sara-sanchez-inundaran-de-arte-flamenco-el-festival-internacional-de-guitarra","status":"publish","type":"post","link":"https:\/\/radioalma.eu\/bruselas\/2022\/11\/28\/el-grupo-oleo-y-la-bailaora-sara-sanchez-inundaran-de-arte-flamenco-el-festival-internacional-de-guitarra\/","title":{"rendered":"El grupo Oleo y la bailaora Sara S\u00e1nchez inundar\u00e1n de arte flamenco el Festival Internacional de Guitarra"},"content":{"rendered":"\n<p>Hace algo m\u00e1s de un a\u00f1o, la organizaci\u00f3n del <a href=\"https:\/\/www.bigfest.be\/\"><strong>Festival Internacional de Guitarra de Bruselas<\/strong><\/a> invit\u00f3 al grupo <strong><a href=\"https:\/\/www.oleotrio.com\/\">Oleotrio<\/a><\/strong> al certamen. El conjunto ya hab\u00eda subido a este escenario en varias ocasiones acompa\u00f1ado por m\u00e1s m\u00fasicos pero en su af\u00e1n por sorprender al p\u00fablico con nuevas propuestas, en 2022 decidieron hacerlo acompa\u00f1ados de una jovenc\u00edsima <a href=\"https:\/\/sarasanchezflamenco.com\/\"><strong>Sara S\u00e1nchez<\/strong><\/a>. La propuesta gust\u00f3 tanto que <strong>este a\u00f1o vuelven a repetir.<\/strong><\/p>\n<p>La disc\u00edpula de Farruquito, como algunos medios la han calificado, recibi\u00f3 un mensaje del guitarrista de Oleotrio, <strong>Antonio Segura<\/strong>, invit\u00e1ndola a este importante evento y ella, sin pens\u00e1rselo dos veces, acept\u00f3 la propuesta. <strong>Segura hab\u00eda descubierto a la joven a trav\u00e9s de videos de Instagram bailando en la cocina de su casa como quien no quiere la cosa<\/strong> y esta naturalidad junto al arte que traspasaba la pantalla, fueron m\u00e1s que suficientes para que el artista supiera que la quer\u00eda en el escenario del Festival.<\/p>\n<p><strong>Ensayaron en la distancia y luego durante unos d\u00edas en Bruselas. No hizo falta m\u00e1s porque cuando tanto arte se une salen cosas maravillosas.<\/strong> Los seis m\u00fasicos sobre el escenario del Th\u00e9\u00e2tre du Vaudeville, las notas de flamenco y jazz del conjunto, y el taconeo y los movimientos de Sara conjugaron a la perfecci\u00f3n <strong>en un espect\u00e1culo que parec\u00eda estar hecho a medida.<\/strong><\/p>\n<p>Juntos conquistaron Bruselas y este martes lo volver\u00e1n a hacer en el mismo sitio, con la misma gente pero con diferente espect\u00e1culo. El pasado s\u00e1bado estuvieron, junto a la madre de Sara, en Bruselas con \u00d1 para derrochar complicidad y arte en los micr\u00f3fonos. Hablamos de sus nuevos proyectos, del festival y, sobre todo, de flamenco.<\/p>\n\n\n\n<figure class=\"wp-block-audio\"><audio controls src=\"https:\/\/radioalma.eu\/bruselas\/files\/2022\/11\/oleo.mp3\"><\/audio><\/figure>\n\n\n\n<p>Al igual que el a\u00f1o pasado, el festival acoger\u00e1 conciertos, espect\u00e1culos, clases magistrales, una conferencia y una exposici\u00f3n. Y, por supuesto, tambi\u00e9n celebrar\u00e1 las finales de los concursos nacional, internacional y de composici\u00f3n de este festival que en esta ocasi\u00f3n est\u00e1 dedicado a la paz.<\/p>\n<p>Las m\u00faltiples facetas de la guitarra se destacar\u00e1n a trav\u00e9s de un variado programa, que incluye, adem\u00e1s, un homenaje a los <strong>Maestros Ilse y Nicol\u00e1s Alfonso<\/strong>, quienes crearon las primeras clases de guitarra en varias academias de m\u00fasica de B\u00e9lgica y la clase de guitarra del Conservatorio Real de Bruselas en 1965, convirti\u00e9ndose as\u00ed en los fundadores de la Escuela de guitarra de B\u00e9lgica.<\/p>\n<p><iframe title=\"TEASER OLEO   BIG FEST 2021\" width=\"500\" height=\"281\" src=\"https:\/\/www.youtube.com\/embed\/vIAg82SwOeQ?feature=oembed\" frameborder=\"0\" allow=\"accelerometer; autoplay; clipboard-write; encrypted-media; gyroscope; picture-in-picture; web-share\" referrerpolicy=\"strict-origin-when-cross-origin\" allowfullscreen><\/iframe><\/p>\n","protected":false},"excerpt":{"rendered":"<div class=\"mh-excerpt\"><p>Hace algo m\u00e1s de un a\u00f1o, la organizaci\u00f3n del Festival Internacional de Guitarra de Bruselas invit\u00f3 al grupo Oleotrio al certamen. El conjunto ya hab\u00eda subido a este escenario en varias ocasiones acompa\u00f1ado por m\u00e1s <a class=\"mh-excerpt-more\" href=\"https:\/\/radioalma.eu\/bruselas\/2022\/11\/28\/el-grupo-oleo-y-la-bailaora-sara-sanchez-inundaran-de-arte-flamenco-el-festival-internacional-de-guitarra\/\" title=\"El grupo Oleo y la bailaora Sara S\u00e1nchez inundar\u00e1n de arte flamenco el Festival Internacional de Guitarra\">[&#8230;]<\/a><\/p>\n<\/div>","protected":false},"author":109,"featured_media":8893,"comment_status":"open","ping_status":"open","sticky":false,"template":"","format":"standard","meta":{"footnotes":""},"categories":[26,2700,29],"tags":[],"class_list":{"0":"post-8880","1":"post","2":"type-post","3":"status-publish","4":"format-standard","5":"has-post-thumbnail","7":"category-agenda-cultural","8":"category-cultura","9":"category-protagonista-de-la-semana"},"_links":{"self":[{"href":"https:\/\/radioalma.eu\/bruselas\/wp-json\/wp\/v2\/posts\/8880","targetHints":{"allow":["GET"]}}],"collection":[{"href":"https:\/\/radioalma.eu\/bruselas\/wp-json\/wp\/v2\/posts"}],"about":[{"href":"https:\/\/radioalma.eu\/bruselas\/wp-json\/wp\/v2\/types\/post"}],"author":[{"embeddable":true,"href":"https:\/\/radioalma.eu\/bruselas\/wp-json\/wp\/v2\/users\/109"}],"replies":[{"embeddable":true,"href":"https:\/\/radioalma.eu\/bruselas\/wp-json\/wp\/v2\/comments?post=8880"}],"version-history":[{"count":0,"href":"https:\/\/radioalma.eu\/bruselas\/wp-json\/wp\/v2\/posts\/8880\/revisions"}],"wp:featuredmedia":[{"embeddable":true,"href":"https:\/\/radioalma.eu\/bruselas\/wp-json\/wp\/v2\/media\/8893"}],"wp:attachment":[{"href":"https:\/\/radioalma.eu\/bruselas\/wp-json\/wp\/v2\/media?parent=8880"}],"wp:term":[{"taxonomy":"category","embeddable":true,"href":"https:\/\/radioalma.eu\/bruselas\/wp-json\/wp\/v2\/categories?post=8880"},{"taxonomy":"post_tag","embeddable":true,"href":"https:\/\/radioalma.eu\/bruselas\/wp-json\/wp\/v2\/tags?post=8880"}],"curies":[{"name":"wp","href":"https:\/\/api.w.org\/{rel}","templated":true}]}}