{"id":8903,"date":"2022-11-28T14:35:10","date_gmt":"2022-11-28T13:35:10","guid":{"rendered":"https:\/\/radioalma.eu\/bruselas\/?p=8903"},"modified":"2022-11-28T15:39:35","modified_gmt":"2022-11-28T14:39:35","slug":"la-plataforma-de-prevencion-del-sida-de-bruselas-pide-acabar-con-la-discriminacion-de-los-enfermos","status":"publish","type":"post","link":"https:\/\/radioalma.eu\/bruselas\/2022\/11\/28\/la-plataforma-de-prevencion-del-sida-de-bruselas-pide-acabar-con-la-discriminacion-de-los-enfermos\/","title":{"rendered":"La Plataforma de Prevenci\u00f3n del Sida de Bruselas pide acabar con la discriminaci\u00f3n a los enfermos"},"content":{"rendered":"\n<p>La jornada de la Lucha contra el Sida tendr\u00e1 lugar el pr\u00f3ximo jueves 1 de diciembre. Esta efem\u00e9ride tiene el objetivo de apoyar a las personas que viven con esta enfermedad y recordar a aquellas que han fallecido por enfermedades relacionadas con el sida.&nbsp;<\/p>\n<p><span style=\"font-weight: 400\">Este d\u00eda se estableci\u00f3 en 1988 y desde entonces la ONU, los Gobiernos y la sociedad civil se re\u00fanen cada a\u00f1o para realizar actividades de concienciaci\u00f3n, movilizarse para recaudar fondos y, lo m\u00e1s reconocido, llevar un lazo rojo en muestra de apoyo.<\/span><\/p>\n<p><span style=\"font-weight: 400\">Para verlo en cifras, desde ONUSIDA realizan hojas informativas todos los a\u00f1os sobre los \u00edndices de la enfermedad en todo el mundo. El a\u00f1o pasado, m\u00e1s de 38 millones de personas conviv\u00edan con ella y <strong>650.000 murieron<\/strong>. Solo durante la pandemia, 40 millones de personas fallecieron por enfermedades relacionadas con el sida.<\/span><\/p>\n<p><span style=\"font-weight: 400\">Hablamos con <strong>La\u00ebtitia Bohy<\/strong> de la Plataforma de Prevenci\u00f3n del Sida de Bruselas que lleva 20 a\u00f1os creando materiales de difusi\u00f3n para concienciar a la poblaci\u00f3n.&nbsp;&nbsp;<\/span><\/p>\n<p>&nbsp;<\/p>\n<p>&nbsp;<\/p>\n\n\n\n<figure class=\"wp-block-audio\"><audio controls src=\"https:\/\/radioalma.eu\/bruselas\/files\/2022\/11\/ENT-Sida.mp3\"><\/audio><\/figure>\n\n\n","protected":false},"excerpt":{"rendered":"<div class=\"mh-excerpt\"><p>La jornada de la Lucha contra el Sida tendr\u00e1 lugar el pr\u00f3ximo jueves 1 de diciembre. Esta efem\u00e9ride tiene el objetivo de apoyar a las personas que viven con esta enfermedad y recordar a aquellas <a class=\"mh-excerpt-more\" href=\"https:\/\/radioalma.eu\/bruselas\/2022\/11\/28\/la-plataforma-de-prevencion-del-sida-de-bruselas-pide-acabar-con-la-discriminacion-de-los-enfermos\/\" title=\"La Plataforma de Prevenci\u00f3n del Sida de Bruselas pide acabar con la discriminaci\u00f3n a los enfermos\">[&#8230;]<\/a><\/p>\n<\/div>","protected":false},"author":51,"featured_media":8907,"comment_status":"open","ping_status":"open","sticky":false,"template":"","format":"standard","meta":{"footnotes":""},"categories":[2698,2704],"tags":[28,27,884],"class_list":{"0":"post-8903","1":"post","2":"type-post","3":"status-publish","4":"format-standard","5":"has-post-thumbnail","7":"category-ciencia","8":"category-social","9":"tag-belgica","10":"tag-bruselas-agenda-cultural","11":"tag-sida"},"_links":{"self":[{"href":"https:\/\/radioalma.eu\/bruselas\/wp-json\/wp\/v2\/posts\/8903","targetHints":{"allow":["GET"]}}],"collection":[{"href":"https:\/\/radioalma.eu\/bruselas\/wp-json\/wp\/v2\/posts"}],"about":[{"href":"https:\/\/radioalma.eu\/bruselas\/wp-json\/wp\/v2\/types\/post"}],"author":[{"embeddable":true,"href":"https:\/\/radioalma.eu\/bruselas\/wp-json\/wp\/v2\/users\/51"}],"replies":[{"embeddable":true,"href":"https:\/\/radioalma.eu\/bruselas\/wp-json\/wp\/v2\/comments?post=8903"}],"version-history":[{"count":0,"href":"https:\/\/radioalma.eu\/bruselas\/wp-json\/wp\/v2\/posts\/8903\/revisions"}],"wp:featuredmedia":[{"embeddable":true,"href":"https:\/\/radioalma.eu\/bruselas\/wp-json\/wp\/v2\/media\/8907"}],"wp:attachment":[{"href":"https:\/\/radioalma.eu\/bruselas\/wp-json\/wp\/v2\/media?parent=8903"}],"wp:term":[{"taxonomy":"category","embeddable":true,"href":"https:\/\/radioalma.eu\/bruselas\/wp-json\/wp\/v2\/categories?post=8903"},{"taxonomy":"post_tag","embeddable":true,"href":"https:\/\/radioalma.eu\/bruselas\/wp-json\/wp\/v2\/tags?post=8903"}],"curies":[{"name":"wp","href":"https:\/\/api.w.org\/{rel}","templated":true}]}}