{"id":8933,"date":"2022-12-05T10:22:18","date_gmt":"2022-12-05T09:22:18","guid":{"rendered":"https:\/\/radioalma.eu\/bruselas\/?p=8933"},"modified":"2023-02-14T14:23:52","modified_gmt":"2023-02-14T13:23:52","slug":"literatura-con-el-instituto-cervantes-todas-las-recomendaciones-sobre-novela-corta","status":"publish","type":"post","link":"https:\/\/radioalma.eu\/bruselas\/2022\/12\/05\/literatura-con-el-instituto-cervantes-todas-las-recomendaciones-sobre-novela-corta\/","title":{"rendered":"Literatura con el Instituto Cervantes: Todas las recomendaciones sobre novela corta"},"content":{"rendered":"\n<p>En el \u00faltimo programa nos fuimos hasta el <strong>Instituto Cervantes<\/strong> para conversar con la <strong>responsable de la biblioteca, S\u00edlvia Montero<\/strong>, en nuestra <strong>secci\u00f3n mensual de literatura<\/strong>. En esta entrega, escuchamos una lista de recomendaciones de <strong>novelas cortas<\/strong> para todos los gustos. Todas las obras que citamos en este episodio tienen <strong>menos de 200 p\u00e1ginas<\/strong>, hay tanto cl\u00e1sicos como libros m\u00e1s contempor\u00e1neos as\u00ed que el tiempo ya no es excusa para no dejarse llevar por el apasionante viaje de la lectura.<\/p>\n\n\n\n<figure class=\"wp-block-audio\"><audio controls src=\"https:\/\/radioalma.eu\/bruselas\/files\/2022\/12\/literatura_novela_corta.mp3\"><\/audio><\/figure>\n","protected":false},"excerpt":{"rendered":"<div class=\"mh-excerpt\"><p>En el \u00faltimo programa nos fuimos hasta el Instituto Cervantes para conversar con la responsable de la biblioteca, S\u00edlvia Montero, en nuestra secci\u00f3n mensual de literatura. En esta entrega, escuchamos una lista de recomendaciones de <a class=\"mh-excerpt-more\" href=\"https:\/\/radioalma.eu\/bruselas\/2022\/12\/05\/literatura-con-el-instituto-cervantes-todas-las-recomendaciones-sobre-novela-corta\/\" title=\"Literatura con el Instituto Cervantes: Todas las recomendaciones sobre novela corta\">[&#8230;]<\/a><\/p>\n<\/div>","protected":false},"author":109,"featured_media":8649,"comment_status":"open","ping_status":"open","sticky":false,"template":"","format":"standard","meta":{"footnotes":""},"categories":[2700,2731],"tags":[],"class_list":{"0":"post-8933","1":"post","2":"type-post","3":"status-publish","4":"format-standard","5":"has-post-thumbnail","7":"category-cultura","8":"category-literatura"},"_links":{"self":[{"href":"https:\/\/radioalma.eu\/bruselas\/wp-json\/wp\/v2\/posts\/8933","targetHints":{"allow":["GET"]}}],"collection":[{"href":"https:\/\/radioalma.eu\/bruselas\/wp-json\/wp\/v2\/posts"}],"about":[{"href":"https:\/\/radioalma.eu\/bruselas\/wp-json\/wp\/v2\/types\/post"}],"author":[{"embeddable":true,"href":"https:\/\/radioalma.eu\/bruselas\/wp-json\/wp\/v2\/users\/109"}],"replies":[{"embeddable":true,"href":"https:\/\/radioalma.eu\/bruselas\/wp-json\/wp\/v2\/comments?post=8933"}],"version-history":[{"count":0,"href":"https:\/\/radioalma.eu\/bruselas\/wp-json\/wp\/v2\/posts\/8933\/revisions"}],"wp:featuredmedia":[{"embeddable":true,"href":"https:\/\/radioalma.eu\/bruselas\/wp-json\/wp\/v2\/media\/8649"}],"wp:attachment":[{"href":"https:\/\/radioalma.eu\/bruselas\/wp-json\/wp\/v2\/media?parent=8933"}],"wp:term":[{"taxonomy":"category","embeddable":true,"href":"https:\/\/radioalma.eu\/bruselas\/wp-json\/wp\/v2\/categories?post=8933"},{"taxonomy":"post_tag","embeddable":true,"href":"https:\/\/radioalma.eu\/bruselas\/wp-json\/wp\/v2\/tags?post=8933"}],"curies":[{"name":"wp","href":"https:\/\/api.w.org\/{rel}","templated":true}]}}