{"id":9033,"date":"2023-01-18T15:01:55","date_gmt":"2023-01-18T14:01:55","guid":{"rendered":"https:\/\/radioalma.eu\/bruselas\/?p=9033"},"modified":"2023-01-18T16:14:03","modified_gmt":"2023-01-18T15:14:03","slug":"el-alma-del-21-el-libro-que-recoge-las-historias-de-los-militares-del-regimiento-transmisiones-21","status":"publish","type":"post","link":"https:\/\/radioalma.eu\/bruselas\/2023\/01\/18\/el-alma-del-21-el-libro-que-recoge-las-historias-de-los-militares-del-regimiento-transmisiones-21\/","title":{"rendered":"\u00abEl alma del 21\u00bb: El libro que recoge las historias de los militares del Regimiento de Transmisiones 21"},"content":{"rendered":"\n<p>Un total de <strong>24 vidas componen el alma de la primera novela de Juanjo Crespo<\/strong>: <em>El alma del 21<\/em>. Su autor es <strong>Teniente Coronel del Ej\u00e9rcito<\/strong> y actualmente est\u00e1 destinado <strong>en el cuartel general de la OTAN<\/strong> en <strong>Bruselas.<\/strong> A pesar de ostentar este cargo\u00a0 o precisamente por ello, hace casi dos a\u00f1os se aventur\u00f3 a adentrarse en el mundo de las letras.<\/p>\n<p>El resultado de esta incursi\u00f3n es un <strong>libro cuyo germen se sit\u00faa en una de las historias de uno de sus protagonistas, Fern\u00e1ndez-Mayoralas,<\/strong> un cabo 1\u00ba cuya vida cautiv\u00f3 a Crespo. Tras este descubrimiento, comenz\u00f3 un proceso de documentaci\u00f3n que le llev\u00f3 a <strong>\u00abconocer\u00bb al resto de los personajes<\/strong> que componen su obra: m\u00e1s de una veintena de militares que han formado parte del <strong>Regimiento de Transmisiones 21.<\/strong><\/p>\n<p>Entre sus p\u00e1ginas, el lector no solo descubre a algunas de las personas que sirvieron en la unidad que se encarga de las comunicaciones en el ej\u00e9rcito, sino que <strong>explora parte de la historia del tel\u00e9grafo, la radio e incluso de internet en Espa\u00f1a.<\/strong><\/p>\n<p><strong>Crespo pas\u00f3 por los micr\u00f3fonos de Radio Alma<\/strong> para contarnos por qu\u00e9 decidi\u00f3 escribir este libro y otros detalles y curiosidades de la obra.<\/p>\n\n\n\n<figure class=\"wp-block-audio\"><audio controls src=\"https:\/\/radioalma.eu\/bruselas\/files\/2023\/01\/juanjo-crespo.mp3\"><\/audio><\/figure>\n\n\n\n<p>En Bruselas, esta novela est\u00e1 disponible en la librer\u00eda <strong>Punto y Coma<\/strong> y tambi\u00e9n se puede adquirir a trav\u00e9s de internet.<\/p>\n","protected":false},"excerpt":{"rendered":"<div class=\"mh-excerpt\"><p>Un total de 24 vidas componen el alma de la primera novela de Juanjo Crespo: El alma del 21. Su autor es Teniente Coronel del Ej\u00e9rcito y actualmente est\u00e1 destinado en el cuartel general de <a class=\"mh-excerpt-more\" href=\"https:\/\/radioalma.eu\/bruselas\/2023\/01\/18\/el-alma-del-21-el-libro-que-recoge-las-historias-de-los-militares-del-regimiento-transmisiones-21\/\" title=\"\u00abEl alma del 21\u00bb: El libro que recoge las historias de los militares del Regimiento de Transmisiones 21\">[&#8230;]<\/a><\/p>\n<\/div>","protected":false},"author":109,"featured_media":9035,"comment_status":"open","ping_status":"open","sticky":false,"template":"","format":"standard","meta":{"footnotes":""},"categories":[2700,29],"tags":[],"class_list":{"0":"post-9033","1":"post","2":"type-post","3":"status-publish","4":"format-standard","5":"has-post-thumbnail","7":"category-cultura","8":"category-protagonista-de-la-semana"},"_links":{"self":[{"href":"https:\/\/radioalma.eu\/bruselas\/wp-json\/wp\/v2\/posts\/9033","targetHints":{"allow":["GET"]}}],"collection":[{"href":"https:\/\/radioalma.eu\/bruselas\/wp-json\/wp\/v2\/posts"}],"about":[{"href":"https:\/\/radioalma.eu\/bruselas\/wp-json\/wp\/v2\/types\/post"}],"author":[{"embeddable":true,"href":"https:\/\/radioalma.eu\/bruselas\/wp-json\/wp\/v2\/users\/109"}],"replies":[{"embeddable":true,"href":"https:\/\/radioalma.eu\/bruselas\/wp-json\/wp\/v2\/comments?post=9033"}],"version-history":[{"count":0,"href":"https:\/\/radioalma.eu\/bruselas\/wp-json\/wp\/v2\/posts\/9033\/revisions"}],"wp:featuredmedia":[{"embeddable":true,"href":"https:\/\/radioalma.eu\/bruselas\/wp-json\/wp\/v2\/media\/9035"}],"wp:attachment":[{"href":"https:\/\/radioalma.eu\/bruselas\/wp-json\/wp\/v2\/media?parent=9033"}],"wp:term":[{"taxonomy":"category","embeddable":true,"href":"https:\/\/radioalma.eu\/bruselas\/wp-json\/wp\/v2\/categories?post=9033"},{"taxonomy":"post_tag","embeddable":true,"href":"https:\/\/radioalma.eu\/bruselas\/wp-json\/wp\/v2\/tags?post=9033"}],"curies":[{"name":"wp","href":"https:\/\/api.w.org\/{rel}","templated":true}]}}