{"id":9059,"date":"2023-01-17T13:48:37","date_gmt":"2023-01-17T12:48:37","guid":{"rendered":"https:\/\/radioalma.eu\/bruselas\/?p=9059"},"modified":"2023-01-24T13:49:42","modified_gmt":"2023-01-24T12:49:42","slug":"el-comico-kikin-fernandez-presenta-en-bruselas-el-monologo-happiness","status":"publish","type":"post","link":"https:\/\/radioalma.eu\/bruselas\/2023\/01\/17\/el-comico-kikin-fernandez-presenta-en-bruselas-el-monologo-happiness\/","title":{"rendered":"El c\u00f3mico Kik\u00edn Fern\u00e1ndez presenta en Bruselas el mon\u00f3logo Happiness"},"content":{"rendered":"\n<p>El grupo<b> Comedia en Bruselas\u00a0 v<\/b>olvi\u00f3 tras el par\u00f3n navide\u00f1o con un plato fuerte:<b> la actuaci\u00f3n del c\u00f3mico espa\u00f1ol Kik\u00edn Fernandez <\/b>que aterriz\u00f3 en la capital <b>con su mon\u00f3logo <em>Hapiness, <\/em>una oda a todas esas situaciones que nos sacan de nuestras casillas.<br \/><\/b><\/p>\n<p><b>Kik\u00edn es uno de los c\u00f3micos m\u00e1s polivalentes de Espa\u00f1a <\/b>y adem\u00e1s uno de los<b> m\u00edticos del Canal Paramount Comedy. <\/b>All\u00ed ha grabado algunos de sus mon\u00f3logos y ha participado en el programa \u201cCorto y Cambio\u201d.<\/p>\n<p><b>Adem\u00e1s de c\u00f3mico, el almeriense es tambi\u00e9n actor, director y guionista. <\/b>Ha trabajado en series como <b>\u201cA\u00edda\u201d, \u201cMis adorables vecinos\u201d, \u201cManolo y Benito\u201d <\/b>y un largo etc\u00e9tera. Ha protagonizado obras de <strong>teatro<\/strong> <b>con actrices de primer nivel como Ver\u00f3nica Forqu\u00e9, <\/b>e incluso ha sido el director del conocido Canal Cocina.<\/p>\n<p>Kik\u00edn pas\u00f3 por los micr\u00f3fonos del programa para contarnos sus nuevos proyectos y todos los detalles de su nuevo mon\u00f3logo.<\/p>\n\n\n\n<figure class=\"wp-block-audio\"><audio controls src=\"https:\/\/radioalma.eu\/bruselas\/files\/2023\/01\/kikin_fernandez.mp3\"><\/audio><\/figure>\n","protected":false},"excerpt":{"rendered":"<div class=\"mh-excerpt\"><p>El grupo Comedia en Bruselas\u00a0 volvi\u00f3 tras el par\u00f3n navide\u00f1o con un plato fuerte: la actuaci\u00f3n del c\u00f3mico espa\u00f1ol Kik\u00edn Fernandez que aterriz\u00f3 en la capital con su mon\u00f3logo Hapiness, una oda a todas esas <a class=\"mh-excerpt-more\" href=\"https:\/\/radioalma.eu\/bruselas\/2023\/01\/17\/el-comico-kikin-fernandez-presenta-en-bruselas-el-monologo-happiness\/\" title=\"El c\u00f3mico Kik\u00edn Fern\u00e1ndez presenta en Bruselas el mon\u00f3logo Happiness\">[&#8230;]<\/a><\/p>\n<\/div>","protected":false},"author":109,"featured_media":9029,"comment_status":"open","ping_status":"open","sticky":false,"template":"","format":"standard","meta":{"footnotes":""},"categories":[2700,29],"tags":[],"class_list":{"0":"post-9059","1":"post","2":"type-post","3":"status-publish","4":"format-standard","5":"has-post-thumbnail","7":"category-cultura","8":"category-protagonista-de-la-semana"},"_links":{"self":[{"href":"https:\/\/radioalma.eu\/bruselas\/wp-json\/wp\/v2\/posts\/9059","targetHints":{"allow":["GET"]}}],"collection":[{"href":"https:\/\/radioalma.eu\/bruselas\/wp-json\/wp\/v2\/posts"}],"about":[{"href":"https:\/\/radioalma.eu\/bruselas\/wp-json\/wp\/v2\/types\/post"}],"author":[{"embeddable":true,"href":"https:\/\/radioalma.eu\/bruselas\/wp-json\/wp\/v2\/users\/109"}],"replies":[{"embeddable":true,"href":"https:\/\/radioalma.eu\/bruselas\/wp-json\/wp\/v2\/comments?post=9059"}],"version-history":[{"count":0,"href":"https:\/\/radioalma.eu\/bruselas\/wp-json\/wp\/v2\/posts\/9059\/revisions"}],"wp:featuredmedia":[{"embeddable":true,"href":"https:\/\/radioalma.eu\/bruselas\/wp-json\/wp\/v2\/media\/9029"}],"wp:attachment":[{"href":"https:\/\/radioalma.eu\/bruselas\/wp-json\/wp\/v2\/media?parent=9059"}],"wp:term":[{"taxonomy":"category","embeddable":true,"href":"https:\/\/radioalma.eu\/bruselas\/wp-json\/wp\/v2\/categories?post=9059"},{"taxonomy":"post_tag","embeddable":true,"href":"https:\/\/radioalma.eu\/bruselas\/wp-json\/wp\/v2\/tags?post=9059"}],"curies":[{"name":"wp","href":"https:\/\/api.w.org\/{rel}","templated":true}]}}