{"id":9069,"date":"2023-01-27T16:46:37","date_gmt":"2023-01-27T15:46:37","guid":{"rendered":"https:\/\/radioalma.eu\/bruselas\/?p=9069"},"modified":"2023-01-27T16:46:41","modified_gmt":"2023-01-27T15:46:41","slug":"actualidad-europea-art-nouveau-punk-literatura-y-cine-en-nuestro-proximo-programa","status":"publish","type":"post","link":"https:\/\/radioalma.eu\/bruselas\/2023\/01\/27\/actualidad-europea-art-nouveau-punk-literatura-y-cine-en-nuestro-proximo-programa\/","title":{"rendered":"Actualidad europea, Art Nouveau, punk, literatura y cine en nuestro pr\u00f3ximo programa"},"content":{"rendered":"\n<p><strong>Se acerca el s\u00e1bado y eso significa que vuelve <i>Bruselas con \u00d1<\/i>.\u00a0<\/strong><\/p>\n<p>En el programa de esta semana viajaremos al pasado para <strong>contaros la historia de V\u00edctor Horta, padre del modernismo belga<\/strong> y protagonista del <strong>a\u00f1o que Bruselas dedicar\u00e1 al Art Noveau<\/strong>. Y es que este 2023 la capital belga se pondr\u00e1 de gala para sacar pecho de un patrimonio arquitect\u00f3nico olvidado y hasta menospreciado durante d\u00e9cadas. De esto y de mucho m\u00e1s hablaremos con <strong>Carlos Ramos Luj\u00e1n,<\/strong> responsable de las visitas guiadas que la <strong>asociaci\u00f3n ARAU<\/strong> organiza en la ciudad.<\/p>\n<p>Antes, pero, tendremos una nueva edici\u00f3n de <strong><i>El hemiciclo<\/i><\/strong>, donde, como es habitual,<strong> Irene de la Puerta nos traer\u00e1 las novedades m\u00e1s suculentas de la actualidad europarlamentaria.<\/strong> En esta ocasi\u00f3n nos centraremos en el qatargate, las sanciones que la Uni\u00f3n Europea ha impuesto a Ir\u00e1n, la Guerra de Ucrania y el treinta aniversario del Mercado \u00danico Europeo.<\/p>\n<p>La segunda hora del programa la empezaremos a <strong>ritmo de punk<\/strong>, concretamente de las versiones de <strong>Zona Especial Norte.<\/strong> Esta formaci\u00f3n, pionera en la <strong>exportaci\u00f3n de los cl\u00e1sicos espa\u00f1oles de los 70 y 80<\/strong> a estas latitudes, <strong>se estrenar\u00e1 el pr\u00f3ximo 3 de febrero<\/strong> en el 116 de la Avenida Paul Hymans y hemos pensado que ser\u00eda una buena idea hablar con <strong>Silvia y Marcos (dos de sus miembros)<\/strong> para que nos contaran un poco m\u00e1s sobre su proyecto.<\/p>\n<p>Cambiando radicalmente de ritmo, daremos paso a la <strong>secci\u00f3n de literatura<\/strong>. De la mano de <strong>Silvia Montero<\/strong> repasaremos los <strong>pr\u00f3ximos t\u00edtulos<\/strong> que protagonizar\u00e1n el <strong>club de lectura del Instituto Cervantes,<\/strong> centr\u00e1ndonos especialmente en <i>La memoria del alambre <\/i>de B\u00e1rbara Blasco.\u00a0<\/p>\n<p>Y as\u00ed llegaremos al <strong>apartado dedicado al cine,<\/strong> que esta vez tendr\u00e1 como protagonista la cuarta edici\u00f3n del <strong>festival En Ville<\/strong>. Sobre este certamen, que incluye visitas guiadas, conferencias y actividades de todo tipo charlaremos con <strong>Annagrazia Graduato<\/strong>, miembro del comit\u00e9 de selecci\u00f3n de este festival centrado en el g\u00e9nero documental.<\/p>\n<p>Finalmente, <strong>Ana Mart\u00ednez<\/strong> nos traer\u00e1 su habitual <strong>repaso a la actualidad cinematogr\u00e1fica.<\/strong><\/p>\n","protected":false},"excerpt":{"rendered":"<div class=\"mh-excerpt\"><p>Se acerca el s\u00e1bado y eso significa que vuelve Bruselas con \u00d1.\u00a0 En el programa de esta semana viajaremos al pasado para contaros la historia de V\u00edctor Horta, padre del modernismo belga y protagonista del <a class=\"mh-excerpt-more\" href=\"https:\/\/radioalma.eu\/bruselas\/2023\/01\/27\/actualidad-europea-art-nouveau-punk-literatura-y-cine-en-nuestro-proximo-programa\/\" title=\"Actualidad europea, Art Nouveau, punk, literatura y cine en nuestro pr\u00f3ximo programa\">[&#8230;]<\/a><\/p>\n<\/div>","protected":false},"author":109,"featured_media":9070,"comment_status":"open","ping_status":"open","sticky":false,"template":"","format":"standard","meta":{"footnotes":""},"categories":[2700,2697,2699],"tags":[],"class_list":{"0":"post-9069","1":"post","2":"type-post","3":"status-publish","4":"format-standard","5":"has-post-thumbnail","7":"category-cultura","8":"category-europa","9":"category-politica"},"_links":{"self":[{"href":"https:\/\/radioalma.eu\/bruselas\/wp-json\/wp\/v2\/posts\/9069","targetHints":{"allow":["GET"]}}],"collection":[{"href":"https:\/\/radioalma.eu\/bruselas\/wp-json\/wp\/v2\/posts"}],"about":[{"href":"https:\/\/radioalma.eu\/bruselas\/wp-json\/wp\/v2\/types\/post"}],"author":[{"embeddable":true,"href":"https:\/\/radioalma.eu\/bruselas\/wp-json\/wp\/v2\/users\/109"}],"replies":[{"embeddable":true,"href":"https:\/\/radioalma.eu\/bruselas\/wp-json\/wp\/v2\/comments?post=9069"}],"version-history":[{"count":0,"href":"https:\/\/radioalma.eu\/bruselas\/wp-json\/wp\/v2\/posts\/9069\/revisions"}],"wp:featuredmedia":[{"embeddable":true,"href":"https:\/\/radioalma.eu\/bruselas\/wp-json\/wp\/v2\/media\/9070"}],"wp:attachment":[{"href":"https:\/\/radioalma.eu\/bruselas\/wp-json\/wp\/v2\/media?parent=9069"}],"wp:term":[{"taxonomy":"category","embeddable":true,"href":"https:\/\/radioalma.eu\/bruselas\/wp-json\/wp\/v2\/categories?post=9069"},{"taxonomy":"post_tag","embeddable":true,"href":"https:\/\/radioalma.eu\/bruselas\/wp-json\/wp\/v2\/tags?post=9069"}],"curies":[{"name":"wp","href":"https:\/\/api.w.org\/{rel}","templated":true}]}}