{"id":9348,"date":"2023-03-06T16:10:16","date_gmt":"2023-03-06T15:10:16","guid":{"rendered":"https:\/\/radioalma.eu\/bruselas\/?p=9348"},"modified":"2023-03-07T11:51:39","modified_gmt":"2023-03-07T10:51:39","slug":"vuelve-musica-al-dente-con-una-edicion-dedicada-al-ciclo-de-mujeres-en-la-musica","status":"publish","type":"post","link":"https:\/\/radioalma.eu\/bruselas\/2023\/03\/06\/vuelve-musica-al-dente-con-una-edicion-dedicada-al-ciclo-de-mujeres-en-la-musica\/","title":{"rendered":"Vuelve \u00abM\u00fasica al dente\u00bb con una edici\u00f3n dedicada al <strong>Ciclo de Mujeres en la M\u00fasica<\/strong>"},"content":{"rendered":"\n<p>Como cada mes, nuestra colaboradora <strong>Ruth Prieto<\/strong> nos anima a afinar nuestras papilas gustativas y nuestros o\u00eddos para disfrutar de\u00a0<em><b>M\u00fasica al Dente<\/b><\/em>, la secci\u00f3n de m\u00fasica cl\u00e1sica de <em>Bruselas con \u00d1<\/em>. En esta ocasi\u00f3n hablamos de la segunda edici\u00f3n del <b>Ciclo de Mujeres en la M\u00fasica<\/b>, que del 8 al 29 de marzo llenar\u00e1 el Instituto Cervantes de conferencias destinadas a recordarnos la importancia del papel que han ejercido y ejercen las mujeres en el mundo de la m\u00fasica.<\/p>\n<p>Como Ruth Prieto es la encargada de comisariar este evento pudimos indagar con ella algunos detalles m\u00e1s de un acontecimiento que reunir\u00e1 nombres como Sira Hern\u00e1ndez, Nieves Pascual o Isabel Rubio.<\/p>\n\n\n\n<figure class=\"wp-block-audio\"><audio controls src=\"https:\/\/radioalma.eu\/bruselas\/files\/2023\/03\/ruth.mp3\"><\/audio><\/figure>\n","protected":false},"excerpt":{"rendered":"<div class=\"mh-excerpt\"><p>Como cada mes, nuestra colaboradora Ruth Prieto nos anima a afinar nuestras papilas gustativas y nuestros o\u00eddos para disfrutar de\u00a0M\u00fasica al Dente, la secci\u00f3n de m\u00fasica cl\u00e1sica de Bruselas con \u00d1. En esta ocasi\u00f3n hablamos <a class=\"mh-excerpt-more\" href=\"https:\/\/radioalma.eu\/bruselas\/2023\/03\/06\/vuelve-musica-al-dente-con-una-edicion-dedicada-al-ciclo-de-mujeres-en-la-musica\/\" title=\"Vuelve \u00abM\u00fasica al dente\u00bb con una edici\u00f3n dedicada al Ciclo de Mujeres en la M\u00fasica\">[&#8230;]<\/a><\/p>\n<\/div>","protected":false},"author":51,"featured_media":9357,"comment_status":"open","ping_status":"open","sticky":false,"template":"","format":"standard","meta":{"footnotes":""},"categories":[2700],"tags":[],"class_list":{"0":"post-9348","1":"post","2":"type-post","3":"status-publish","4":"format-standard","5":"has-post-thumbnail","7":"category-cultura"},"_links":{"self":[{"href":"https:\/\/radioalma.eu\/bruselas\/wp-json\/wp\/v2\/posts\/9348","targetHints":{"allow":["GET"]}}],"collection":[{"href":"https:\/\/radioalma.eu\/bruselas\/wp-json\/wp\/v2\/posts"}],"about":[{"href":"https:\/\/radioalma.eu\/bruselas\/wp-json\/wp\/v2\/types\/post"}],"author":[{"embeddable":true,"href":"https:\/\/radioalma.eu\/bruselas\/wp-json\/wp\/v2\/users\/51"}],"replies":[{"embeddable":true,"href":"https:\/\/radioalma.eu\/bruselas\/wp-json\/wp\/v2\/comments?post=9348"}],"version-history":[{"count":0,"href":"https:\/\/radioalma.eu\/bruselas\/wp-json\/wp\/v2\/posts\/9348\/revisions"}],"wp:featuredmedia":[{"embeddable":true,"href":"https:\/\/radioalma.eu\/bruselas\/wp-json\/wp\/v2\/media\/9357"}],"wp:attachment":[{"href":"https:\/\/radioalma.eu\/bruselas\/wp-json\/wp\/v2\/media?parent=9348"}],"wp:term":[{"taxonomy":"category","embeddable":true,"href":"https:\/\/radioalma.eu\/bruselas\/wp-json\/wp\/v2\/categories?post=9348"},{"taxonomy":"post_tag","embeddable":true,"href":"https:\/\/radioalma.eu\/bruselas\/wp-json\/wp\/v2\/tags?post=9348"}],"curies":[{"name":"wp","href":"https:\/\/api.w.org\/{rel}","templated":true}]}}