{"id":9409,"date":"2023-03-20T12:54:25","date_gmt":"2023-03-20T11:54:25","guid":{"rendered":"https:\/\/radioalma.eu\/bruselas\/?p=9409"},"modified":"2023-03-20T12:55:17","modified_gmt":"2023-03-20T11:55:17","slug":"irene-de-la-puerta-nos-cuenta-todos-los-detalles-del-ultimo-pleno-del-parlamento-europeo","status":"publish","type":"post","link":"https:\/\/radioalma.eu\/bruselas\/2023\/03\/20\/irene-de-la-puerta-nos-cuenta-todos-los-detalles-del-ultimo-pleno-del-parlamento-europeo\/","title":{"rendered":"Irene de la Puerta nos cuenta los detalles del \u00faltimo pleno del Parlamento Europeo"},"content":{"rendered":"\n\n\n<p>Vuelve &#8216;El Hemiciclo&#8217;, nuestra secci\u00f3n de actualidad europea. En esta ocasi\u00f3n, Irene de la Puerta nos habla de los diversos temas que marcaron la \u00faltima sesi\u00f3n plenaria del europarlamento. La crisis pol\u00edtica de Georgia, la celebraci\u00f3n del mes de la mujer y los debates en torno a la renta m\u00ednima protagonizan nuestra inmersi\u00f3n rutinaria en la<em> eurobubble<\/em> bruselense.<\/p>\n\n\n\n<figure class=\"wp-block-audio\"><audio controls src=\"https:\/\/radioalma.eu\/bruselas\/files\/2023\/03\/hemiciclogeorgia.mp3\"><\/audio><\/figure>\n\n\n\n<p>\u00a0<\/p>\n<p>\u00a0<\/p>\n","protected":false},"excerpt":{"rendered":"<div class=\"mh-excerpt\"><p>Vuelve &#8216;El Hemiciclo&#8217;, nuestra secci\u00f3n de actualidad europea. En esta ocasi\u00f3n, Irene de la Puerta nos habla de los diversos temas que marcaron la \u00faltima sesi\u00f3n plenaria del europarlamento. La crisis pol\u00edtica de Georgia, la <a class=\"mh-excerpt-more\" href=\"https:\/\/radioalma.eu\/bruselas\/2023\/03\/20\/irene-de-la-puerta-nos-cuenta-todos-los-detalles-del-ultimo-pleno-del-parlamento-europeo\/\" title=\"Irene de la Puerta nos cuenta los detalles del \u00faltimo pleno del Parlamento Europeo\">[&#8230;]<\/a><\/p>\n<\/div>","protected":false},"author":51,"featured_media":9411,"comment_status":"open","ping_status":"open","sticky":false,"template":"","format":"standard","meta":{"footnotes":""},"categories":[2697,2699],"tags":[],"class_list":{"0":"post-9409","1":"post","2":"type-post","3":"status-publish","4":"format-standard","5":"has-post-thumbnail","7":"category-europa","8":"category-politica"},"_links":{"self":[{"href":"https:\/\/radioalma.eu\/bruselas\/wp-json\/wp\/v2\/posts\/9409","targetHints":{"allow":["GET"]}}],"collection":[{"href":"https:\/\/radioalma.eu\/bruselas\/wp-json\/wp\/v2\/posts"}],"about":[{"href":"https:\/\/radioalma.eu\/bruselas\/wp-json\/wp\/v2\/types\/post"}],"author":[{"embeddable":true,"href":"https:\/\/radioalma.eu\/bruselas\/wp-json\/wp\/v2\/users\/51"}],"replies":[{"embeddable":true,"href":"https:\/\/radioalma.eu\/bruselas\/wp-json\/wp\/v2\/comments?post=9409"}],"version-history":[{"count":0,"href":"https:\/\/radioalma.eu\/bruselas\/wp-json\/wp\/v2\/posts\/9409\/revisions"}],"wp:featuredmedia":[{"embeddable":true,"href":"https:\/\/radioalma.eu\/bruselas\/wp-json\/wp\/v2\/media\/9411"}],"wp:attachment":[{"href":"https:\/\/radioalma.eu\/bruselas\/wp-json\/wp\/v2\/media?parent=9409"}],"wp:term":[{"taxonomy":"category","embeddable":true,"href":"https:\/\/radioalma.eu\/bruselas\/wp-json\/wp\/v2\/categories?post=9409"},{"taxonomy":"post_tag","embeddable":true,"href":"https:\/\/radioalma.eu\/bruselas\/wp-json\/wp\/v2\/tags?post=9409"}],"curies":[{"name":"wp","href":"https:\/\/api.w.org\/{rel}","templated":true}]}}