{"id":9534,"date":"2023-04-11T12:07:42","date_gmt":"2023-04-11T11:07:42","guid":{"rendered":"https:\/\/radioalma.eu\/bruselas\/?p=9534"},"modified":"2023-04-12T11:55:58","modified_gmt":"2023-04-12T10:55:58","slug":"la-cinematek-acoge-el-estreno-internacional-de-parias-de-la-tierra-un-documental-sobre-la-historia-del-pce","status":"publish","type":"post","link":"https:\/\/radioalma.eu\/bruselas\/2023\/04\/11\/la-cinematek-acoge-el-estreno-internacional-de-parias-de-la-tierra-un-documental-sobre-la-historia-del-pce\/","title":{"rendered":"La Cinematek acoge el estreno internacional de &#8216;Parias de la tierra&#8217;, un documental sobre la historia del PCE"},"content":{"rendered":"\n<p>El pr\u00f3ximo 14 de abril, coincidiendo con el aniversario de la proclamaci\u00f3n de la Rep\u00fablica Espa\u00f1ola, la <b>Cinematek<\/b> acoger\u00e1 una estreno muy especial. Se trata de <strong><em><a href=\"https:\/\/www.youtube.com\/watch?v=_K2zFX0jANw\">Parias de la tierra<\/a><\/em><\/strong>, un documental que narra la historia del Partido Comunista Espa\u00f1ol en el centenario de su fundaci\u00f3n. Todos aquellos que quieran verlo tendr\u00e1n ocasi\u00f3n de hacerlo <a href=\"https:\/\/www.eventbrite.com\/e\/entradas-estreno-parias-de-la-tierra-en-bruselas-605922168517\">a las 4 de la tarde del pr\u00f3ximo viernes<\/a>, pero quienes quieran asistir a la proyecci\u00f3n con los deberes hechos, pueden escuchar la entrevista que les hicimos a sus dos creadores: <span style=\"font-weight: 400\"><strong>Rosa Valiente<\/strong> y <strong>Rodrigo Bazzano.<\/strong><\/span><\/p>\n\n\n\n<figure class=\"wp-block-audio\"><audio controls src=\"https:\/\/radioalma.eu\/bruselas\/files\/2023\/04\/comunistas_web.mp3\"><\/audio><\/figure>\n\n\n\n<p>\u00a0<\/p>\n<p>Puedes reservar tu asiento en: <a href=\"https:\/\/bit.ly\/40ZDgUj\">https:\/\/bit.ly\/40ZDgUj<\/a><\/p>\n<p>\u00a0<\/p>\n","protected":false},"excerpt":{"rendered":"<div class=\"mh-excerpt\"><p>El pr\u00f3ximo 14 de abril, coincidiendo con el aniversario de la proclamaci\u00f3n de la Rep\u00fablica Espa\u00f1ola, la Cinematek acoger\u00e1 una estreno muy especial. Se trata de Parias de la tierra, un documental que narra la <a class=\"mh-excerpt-more\" href=\"https:\/\/radioalma.eu\/bruselas\/2023\/04\/11\/la-cinematek-acoge-el-estreno-internacional-de-parias-de-la-tierra-un-documental-sobre-la-historia-del-pce\/\" title=\"La Cinematek acoge el estreno internacional de &#8216;Parias de la tierra&#8217;, un documental sobre la historia del PCE\">[&#8230;]<\/a><\/p>\n<\/div>","protected":false},"author":51,"featured_media":9536,"comment_status":"open","ping_status":"open","sticky":false,"template":"","format":"standard","meta":{"footnotes":""},"categories":[26,2699],"tags":[],"class_list":{"0":"post-9534","1":"post","2":"type-post","3":"status-publish","4":"format-standard","5":"has-post-thumbnail","7":"category-agenda-cultural","8":"category-politica"},"_links":{"self":[{"href":"https:\/\/radioalma.eu\/bruselas\/wp-json\/wp\/v2\/posts\/9534","targetHints":{"allow":["GET"]}}],"collection":[{"href":"https:\/\/radioalma.eu\/bruselas\/wp-json\/wp\/v2\/posts"}],"about":[{"href":"https:\/\/radioalma.eu\/bruselas\/wp-json\/wp\/v2\/types\/post"}],"author":[{"embeddable":true,"href":"https:\/\/radioalma.eu\/bruselas\/wp-json\/wp\/v2\/users\/51"}],"replies":[{"embeddable":true,"href":"https:\/\/radioalma.eu\/bruselas\/wp-json\/wp\/v2\/comments?post=9534"}],"version-history":[{"count":0,"href":"https:\/\/radioalma.eu\/bruselas\/wp-json\/wp\/v2\/posts\/9534\/revisions"}],"wp:featuredmedia":[{"embeddable":true,"href":"https:\/\/radioalma.eu\/bruselas\/wp-json\/wp\/v2\/media\/9536"}],"wp:attachment":[{"href":"https:\/\/radioalma.eu\/bruselas\/wp-json\/wp\/v2\/media?parent=9534"}],"wp:term":[{"taxonomy":"category","embeddable":true,"href":"https:\/\/radioalma.eu\/bruselas\/wp-json\/wp\/v2\/categories?post=9534"},{"taxonomy":"post_tag","embeddable":true,"href":"https:\/\/radioalma.eu\/bruselas\/wp-json\/wp\/v2\/tags?post=9534"}],"curies":[{"name":"wp","href":"https:\/\/api.w.org\/{rel}","templated":true}]}}