{"id":9611,"date":"2023-04-24T11:47:35","date_gmt":"2023-04-24T10:47:35","guid":{"rendered":"https:\/\/radioalma.eu\/bruselas\/?p=9611"},"modified":"2023-04-24T11:47:38","modified_gmt":"2023-04-24T10:47:38","slug":"votar-desde-el-extranjero-es-mas-facil-de-lo-que-pensabas-descubrelo-gracias-al-cre","status":"publish","type":"post","link":"https:\/\/radioalma.eu\/bruselas\/2023\/04\/24\/votar-desde-el-extranjero-es-mas-facil-de-lo-que-pensabas-descubrelo-gracias-al-cre\/","title":{"rendered":"Votar desde el extranjero es m\u00e1s f\u00e1cil de lo que pensabas. Desc\u00fabrelo gracias al CRE"},"content":{"rendered":"\n<p>Ya falta menos para las elecciones municipales y auton\u00f3micas del 28 de mayo y en &#8216;Bruselas con \u00d1&#8217; hemos querido aprovechar la ocasi\u00f3n para ayudar a todos los espa\u00f1oles que viven en B\u00e9lgica a poder ejercer su derecho al voto. Es por eso que hablamos con <b>Isabel Proa\u00f1o<\/b>, presidenta del<b> CRE<\/b>, el <b>Consejo de Residentes Espa\u00f1oles en el Exterior<\/b>. Si a\u00fan no has iniciado el proceso para votar, no puedes perderte esta entrevista:<\/p>\n\n\n\n<figure class=\"wp-block-audio\"><audio controls src=\"https:\/\/radioalma.eu\/bruselas\/files\/2023\/04\/CRE.mp3\"><\/audio><\/figure>\n\n\n\n<p>\u00a0<\/p>\n<p>\u00a0<\/p>\n","protected":false},"excerpt":{"rendered":"<div class=\"mh-excerpt\"><p>Ya falta menos para las elecciones municipales y auton\u00f3micas del 28 de mayo y en &#8216;Bruselas con \u00d1&#8217; hemos querido aprovechar la ocasi\u00f3n para ayudar a todos los espa\u00f1oles que viven en B\u00e9lgica a poder <a class=\"mh-excerpt-more\" href=\"https:\/\/radioalma.eu\/bruselas\/2023\/04\/24\/votar-desde-el-extranjero-es-mas-facil-de-lo-que-pensabas-descubrelo-gracias-al-cre\/\" title=\"Votar desde el extranjero es m\u00e1s f\u00e1cil de lo que pensabas. Desc\u00fabrelo gracias al CRE\">[&#8230;]<\/a><\/p>\n<\/div>","protected":false},"author":51,"featured_media":9612,"comment_status":"open","ping_status":"open","sticky":false,"template":"","format":"standard","meta":{"footnotes":""},"categories":[2699],"tags":[],"class_list":{"0":"post-9611","1":"post","2":"type-post","3":"status-publish","4":"format-standard","5":"has-post-thumbnail","7":"category-politica"},"_links":{"self":[{"href":"https:\/\/radioalma.eu\/bruselas\/wp-json\/wp\/v2\/posts\/9611","targetHints":{"allow":["GET"]}}],"collection":[{"href":"https:\/\/radioalma.eu\/bruselas\/wp-json\/wp\/v2\/posts"}],"about":[{"href":"https:\/\/radioalma.eu\/bruselas\/wp-json\/wp\/v2\/types\/post"}],"author":[{"embeddable":true,"href":"https:\/\/radioalma.eu\/bruselas\/wp-json\/wp\/v2\/users\/51"}],"replies":[{"embeddable":true,"href":"https:\/\/radioalma.eu\/bruselas\/wp-json\/wp\/v2\/comments?post=9611"}],"version-history":[{"count":0,"href":"https:\/\/radioalma.eu\/bruselas\/wp-json\/wp\/v2\/posts\/9611\/revisions"}],"wp:featuredmedia":[{"embeddable":true,"href":"https:\/\/radioalma.eu\/bruselas\/wp-json\/wp\/v2\/media\/9612"}],"wp:attachment":[{"href":"https:\/\/radioalma.eu\/bruselas\/wp-json\/wp\/v2\/media?parent=9611"}],"wp:term":[{"taxonomy":"category","embeddable":true,"href":"https:\/\/radioalma.eu\/bruselas\/wp-json\/wp\/v2\/categories?post=9611"},{"taxonomy":"post_tag","embeddable":true,"href":"https:\/\/radioalma.eu\/bruselas\/wp-json\/wp\/v2\/tags?post=9611"}],"curies":[{"name":"wp","href":"https:\/\/api.w.org\/{rel}","templated":true}]}}