{"id":9619,"date":"2023-04-24T12:37:42","date_gmt":"2023-04-24T11:37:42","guid":{"rendered":"https:\/\/radioalma.eu\/bruselas\/?p=9619"},"modified":"2023-04-24T12:39:38","modified_gmt":"2023-04-24T11:39:38","slug":"hablamos-de-relaciones-maternofiniales-en-la-literatura-hispanica-con-sara-albert","status":"publish","type":"post","link":"https:\/\/radioalma.eu\/bruselas\/2023\/04\/24\/hablamos-de-relaciones-maternofiniales-en-la-literatura-hispanica-con-sara-albert\/","title":{"rendered":"Hablamos de relaciones maternofiniales en la literatura hisp\u00e1nica con Sara Albert"},"content":{"rendered":"\n<p>El D\u00eda del Libro suele tener como protagonistas a los escritores, pero \u00bfQu\u00e9 ser\u00eda de la literatura sin sus lectores? <strong>Sara Albert<\/strong> forma parte de este grupo y, no contenta con con ello, ha decidido llevar su pasi\u00f3n por los libros un poco m\u00e1s all\u00e1. Es de esta ambici\u00f3n que ha nacido l<span style=\"font-weight: 400\">a tesina <em><strong>Las relaciones intergeneracionales femeninas en la novela hisp\u00e1nica escrita por mujeres<\/strong><\/em>, una comparativa entre <strong><em>La baja mar<\/em><\/strong> de <strong>Aroa Moreno Dur\u00e1n<\/strong> y <strong><em>Lengua madre<\/em><\/strong> de <strong>Mar\u00eda Teresa Andruetto, <\/strong><\/span><span style=\"font-weight: 400\">sobre la que hablamos en el pasado episodio de &#8216;Bruselas con \u00d1&#8217;.&nbsp;<\/span><\/p>\n\n\n\n<figure class=\"wp-block-audio\"><audio controls src=\"https:\/\/radioalma.eu\/bruselas\/files\/2023\/04\/sara.mp3\"><\/audio><\/figure>\n\n\n\n<p>\u00a0<\/p>\n<p>\u00a0<\/p>\n","protected":false},"excerpt":{"rendered":"<div class=\"mh-excerpt\"><p>El D\u00eda del Libro suele tener como protagonistas a los escritores, pero \u00bfQu\u00e9 ser\u00eda de la literatura sin sus lectores? Sara Albert forma parte de este grupo y, no contenta con con ello, ha decidido <a class=\"mh-excerpt-more\" href=\"https:\/\/radioalma.eu\/bruselas\/2023\/04\/24\/hablamos-de-relaciones-maternofiniales-en-la-literatura-hispanica-con-sara-albert\/\" title=\"Hablamos de relaciones maternofiniales en la literatura hisp\u00e1nica con Sara Albert\">[&#8230;]<\/a><\/p>\n<\/div>","protected":false},"author":51,"featured_media":9623,"comment_status":"open","ping_status":"open","sticky":false,"template":"","format":"standard","meta":{"footnotes":""},"categories":[2700],"tags":[],"class_list":{"0":"post-9619","1":"post","2":"type-post","3":"status-publish","4":"format-standard","5":"has-post-thumbnail","7":"category-cultura"},"_links":{"self":[{"href":"https:\/\/radioalma.eu\/bruselas\/wp-json\/wp\/v2\/posts\/9619","targetHints":{"allow":["GET"]}}],"collection":[{"href":"https:\/\/radioalma.eu\/bruselas\/wp-json\/wp\/v2\/posts"}],"about":[{"href":"https:\/\/radioalma.eu\/bruselas\/wp-json\/wp\/v2\/types\/post"}],"author":[{"embeddable":true,"href":"https:\/\/radioalma.eu\/bruselas\/wp-json\/wp\/v2\/users\/51"}],"replies":[{"embeddable":true,"href":"https:\/\/radioalma.eu\/bruselas\/wp-json\/wp\/v2\/comments?post=9619"}],"version-history":[{"count":0,"href":"https:\/\/radioalma.eu\/bruselas\/wp-json\/wp\/v2\/posts\/9619\/revisions"}],"wp:featuredmedia":[{"embeddable":true,"href":"https:\/\/radioalma.eu\/bruselas\/wp-json\/wp\/v2\/media\/9623"}],"wp:attachment":[{"href":"https:\/\/radioalma.eu\/bruselas\/wp-json\/wp\/v2\/media?parent=9619"}],"wp:term":[{"taxonomy":"category","embeddable":true,"href":"https:\/\/radioalma.eu\/bruselas\/wp-json\/wp\/v2\/categories?post=9619"},{"taxonomy":"post_tag","embeddable":true,"href":"https:\/\/radioalma.eu\/bruselas\/wp-json\/wp\/v2\/tags?post=9619"}],"curies":[{"name":"wp","href":"https:\/\/api.w.org\/{rel}","templated":true}]}}