{"id":9654,"date":"2023-05-02T14:30:01","date_gmt":"2023-05-02T13:30:01","guid":{"rendered":"https:\/\/radioalma.eu\/bruselas\/?p=9654"},"modified":"2023-05-02T14:45:57","modified_gmt":"2023-05-02T13:45:57","slug":"los-alumnos-de-alce-versionan-a-miguel-hernandez","status":"publish","type":"post","link":"https:\/\/radioalma.eu\/bruselas\/2023\/05\/02\/los-alumnos-de-alce-versionan-a-miguel-hernandez\/","title":{"rendered":"El alumnado de ALCE recita a Miguel Hern\u00e1ndez"},"content":{"rendered":"\n<p>Tras haber homenajeado a autores como Federico Garc\u00eda Lorca o Gloria Fuertes, este a\u00f1o ha llegado el turno de Miguel Hern\u00e1ndez. Los alumnos y alumnas de ALCE Benelux dedicaron parte de sus horas de clase a recitar algunos de los poemas m\u00e1s conocidos del poeta de Orihuela.<\/p>\n\n\n\n<figure class=\"wp-block-audio\"><audio controls src=\"https:\/\/radioalma.eu\/bruselas\/files\/2023\/05\/ALCE_02.mp3\"><\/audio><\/figure>\n\n\n\n<p>Nacido en 1910, este autor alicantino es especialmente conocido por su poes\u00eda de car\u00e1cter social, popularizada en los a\u00f1os 70 por cantantes como Joan B\u00e1ez y Joan Manuel Serrat. El contenido marcadamente pol\u00edtico de sus versos pude observarse en poemas como \u00abPara la libertad\u00bb o \u00abAceituneros\u00bb.<\/p>\n\n\n\n<figure class=\"wp-block-audio\"><audio controls src=\"https:\/\/radioalma.eu\/bruselas\/files\/2023\/05\/ALCE_03.mp3\"><\/audio><\/figure>\n\n\n\n<p>Pero la actividad p\u00fablica de Miguel Hern\u00e1ndez no se limit\u00f3 a la escritura. El poeta, proveniente de una familia humilde y pastor de profesi\u00f3n, estaba afiliado al Partido Comunista de Espa\u00f1a y ejerci\u00f3 de comisario pol\u00edtico durante la Guerra Civil Espa\u00f1ola.<\/p>\n\n\n\n<figure class=\"wp-block-audio\"><audio controls src=\"https:\/\/radioalma.eu\/bruselas\/files\/2023\/05\/ALCE_04.mp3\"><\/audio><\/figure>\n\n\n\n<p>Su implicaci\u00f3n en el conflicto le vali\u00f3, tras el fin de la contienda, una condena a muerte que fue conmutada por 30 a\u00f1os de c\u00e1rcel. A\u00fan as\u00ed, Hern\u00e1ndez no volver\u00eda a ver el sol de su Orihuela natal. Tras dos a\u00f1os de prisi\u00f3n, falleci\u00f3 a causa de la tuberculosis.<\/p>\n","protected":false},"excerpt":{"rendered":"<div class=\"mh-excerpt\"><p>Tras haber homenajeado a autores como Federico Garc\u00eda Lorca o Gloria Fuertes, este a\u00f1o ha llegado el turno de Miguel Hern\u00e1ndez. Los alumnos y alumnas de ALCE Benelux dedicaron parte de sus horas de clase <a class=\"mh-excerpt-more\" href=\"https:\/\/radioalma.eu\/bruselas\/2023\/05\/02\/los-alumnos-de-alce-versionan-a-miguel-hernandez\/\" title=\"El alumnado de ALCE recita a Miguel Hern\u00e1ndez\">[&#8230;]<\/a><\/p>\n<\/div>","protected":false},"author":51,"featured_media":9665,"comment_status":"open","ping_status":"open","sticky":false,"template":"","format":"standard","meta":{"footnotes":""},"categories":[2700],"tags":[],"class_list":{"0":"post-9654","1":"post","2":"type-post","3":"status-publish","4":"format-standard","5":"has-post-thumbnail","7":"category-cultura"},"_links":{"self":[{"href":"https:\/\/radioalma.eu\/bruselas\/wp-json\/wp\/v2\/posts\/9654","targetHints":{"allow":["GET"]}}],"collection":[{"href":"https:\/\/radioalma.eu\/bruselas\/wp-json\/wp\/v2\/posts"}],"about":[{"href":"https:\/\/radioalma.eu\/bruselas\/wp-json\/wp\/v2\/types\/post"}],"author":[{"embeddable":true,"href":"https:\/\/radioalma.eu\/bruselas\/wp-json\/wp\/v2\/users\/51"}],"replies":[{"embeddable":true,"href":"https:\/\/radioalma.eu\/bruselas\/wp-json\/wp\/v2\/comments?post=9654"}],"version-history":[{"count":0,"href":"https:\/\/radioalma.eu\/bruselas\/wp-json\/wp\/v2\/posts\/9654\/revisions"}],"wp:featuredmedia":[{"embeddable":true,"href":"https:\/\/radioalma.eu\/bruselas\/wp-json\/wp\/v2\/media\/9665"}],"wp:attachment":[{"href":"https:\/\/radioalma.eu\/bruselas\/wp-json\/wp\/v2\/media?parent=9654"}],"wp:term":[{"taxonomy":"category","embeddable":true,"href":"https:\/\/radioalma.eu\/bruselas\/wp-json\/wp\/v2\/categories?post=9654"},{"taxonomy":"post_tag","embeddable":true,"href":"https:\/\/radioalma.eu\/bruselas\/wp-json\/wp\/v2\/tags?post=9654"}],"curies":[{"name":"wp","href":"https:\/\/api.w.org\/{rel}","templated":true}]}}