{"id":9701,"date":"2023-05-08T16:09:12","date_gmt":"2023-05-08T15:09:12","guid":{"rendered":"https:\/\/radioalma.eu\/bruselas\/?p=9701"},"modified":"2023-05-08T16:09:15","modified_gmt":"2023-05-08T15:09:15","slug":"los-responsables-de-good-karma-se-trasladan-a-bruselas-para-combatir-la-proliferacion-de-pellets-de-plastico","status":"publish","type":"post","link":"https:\/\/radioalma.eu\/bruselas\/2023\/05\/08\/los-responsables-de-good-karma-se-trasladan-a-bruselas-para-combatir-la-proliferacion-de-pellets-de-plastico\/","title":{"rendered":"Los responsables de Good Karma se trasladan a Bruselas para combatir la proliferaci\u00f3n de pellets de pl\u00e1stico"},"content":{"rendered":"\n<p>Tras dedicar la primera parte del programa a hablar de la Uni\u00f3n Europea y su historia, empezamos la segunda centr\u00e1ndonos en una problem\u00e1tica en la que esta entidad puede jugar un rol muy importante. Se trata de la lucha contra los pellets, un tipo de micropl\u00e1sticos que cada vez son m\u00e1s frecuentes en nuestras costas.<\/p>\n<p><span style=\"font-weight: 400\">Para saber m\u00e1s sobre este tema nos acompa\u00f1an <strong>Albert Font de Rubinat<\/strong> y <strong>Marta Sugranyes<\/strong>, miembros de <strong>Good Karma Projects<\/strong>. Hace unos d\u00edas se desplazaron hasta Bruselas para exigir soluciones para frenar la proliferaci\u00f3n de pellets de pl\u00e1sticos en nuestros mares y, aprovechando que los ten\u00edamos por aqu\u00ed, no quisimos perder la oportunidad de que nos contaran un poco m\u00e1s sobre su lucha.\u00a0<\/span><\/p>\n\n\n\n<audio class=\"wp-audio-shortcode\" id=\"audio-9701-1\" preload=\"none\" style=\"width: 100%;\" controls=\"controls\"><source type=\"audio\/mpeg\" src=\"https:\/\/www.ivoox.com\/entrevista-albert-font-rubinat-marta-sugranyes_md_107771989_wp_1.mp3?_=1\" \/><a href=\"https:\/\/www.ivoox.com\/entrevista-albert-font-rubinat-marta-sugranyes_md_107771989_wp_1.mp3\">https:\/\/www.ivoox.com\/entrevista-albert-font-rubinat-marta-sugranyes_md_107771989_wp_1.mp3<\/a><\/audio> <a href=\"https:\/\/go.ivoox.com\/rf\/107771989\" title=\"Entrevista: Albert Font de Rubinat y Marta Sugranyes (Good Karma Projects)\">Ir a descargar<\/a>\n","protected":false},"excerpt":{"rendered":"<div class=\"mh-excerpt\"><p>Tras dedicar la primera parte del programa a hablar de la Uni\u00f3n Europea y su historia, empezamos la segunda centr\u00e1ndonos en una problem\u00e1tica en la que esta entidad puede jugar un rol muy importante. Se <a class=\"mh-excerpt-more\" href=\"https:\/\/radioalma.eu\/bruselas\/2023\/05\/08\/los-responsables-de-good-karma-se-trasladan-a-bruselas-para-combatir-la-proliferacion-de-pellets-de-plastico\/\" title=\"Los responsables de Good Karma se trasladan a Bruselas para combatir la proliferaci\u00f3n de pellets de pl\u00e1stico\">[&#8230;]<\/a><\/p>\n<\/div>","protected":false},"author":51,"featured_media":9702,"comment_status":"open","ping_status":"open","sticky":false,"template":"","format":"standard","meta":{"footnotes":""},"categories":[2699,2704],"tags":[],"class_list":{"0":"post-9701","1":"post","2":"type-post","3":"status-publish","4":"format-standard","5":"has-post-thumbnail","7":"category-politica","8":"category-social"},"_links":{"self":[{"href":"https:\/\/radioalma.eu\/bruselas\/wp-json\/wp\/v2\/posts\/9701","targetHints":{"allow":["GET"]}}],"collection":[{"href":"https:\/\/radioalma.eu\/bruselas\/wp-json\/wp\/v2\/posts"}],"about":[{"href":"https:\/\/radioalma.eu\/bruselas\/wp-json\/wp\/v2\/types\/post"}],"author":[{"embeddable":true,"href":"https:\/\/radioalma.eu\/bruselas\/wp-json\/wp\/v2\/users\/51"}],"replies":[{"embeddable":true,"href":"https:\/\/radioalma.eu\/bruselas\/wp-json\/wp\/v2\/comments?post=9701"}],"version-history":[{"count":0,"href":"https:\/\/radioalma.eu\/bruselas\/wp-json\/wp\/v2\/posts\/9701\/revisions"}],"wp:featuredmedia":[{"embeddable":true,"href":"https:\/\/radioalma.eu\/bruselas\/wp-json\/wp\/v2\/media\/9702"}],"wp:attachment":[{"href":"https:\/\/radioalma.eu\/bruselas\/wp-json\/wp\/v2\/media?parent=9701"}],"wp:term":[{"taxonomy":"category","embeddable":true,"href":"https:\/\/radioalma.eu\/bruselas\/wp-json\/wp\/v2\/categories?post=9701"},{"taxonomy":"post_tag","embeddable":true,"href":"https:\/\/radioalma.eu\/bruselas\/wp-json\/wp\/v2\/tags?post=9701"}],"curies":[{"name":"wp","href":"https:\/\/api.w.org\/{rel}","templated":true}]}}