{"id":9986,"date":"2023-07-10T10:34:37","date_gmt":"2023-07-10T09:34:37","guid":{"rendered":"https:\/\/radioalma.eu\/bruselas\/?p=9986"},"modified":"2023-07-10T10:34:39","modified_gmt":"2023-07-10T09:34:39","slug":"conocemos-la-historia-de-las-mamas-belgas-con-joan-torro","status":"publish","type":"post","link":"https:\/\/radioalma.eu\/bruselas\/2023\/07\/10\/conocemos-la-historia-de-las-mamas-belgas-con-joan-torro\/","title":{"rendered":"Conocemos la historia de Las Mam\u00e1s Belgas con Joan Torr\u00f3"},"content":{"rendered":"\n<p><strong>Las Mam\u00e1s Belgas<\/strong>. Este fue el nombre cari\u00f1oso que le dieron los vecinos y vecinas de Ontinyent a un grupo de veintiuna mujeres belgas que vivieron en el municipio entre 1937 y 1939. Llegaron all\u00ed para trabajar como enfermeras en el Hospital Militar de la localidad atendiendo a soldados republicanos heridos durante la guerra civil.<\/p>\n\n\n\n<p>Hace unos meses el municipio anunci\u00f3 que iba a dedicar un parque a este grupo de mujeres. Tambi\u00e9n ha instalado una Stolpersteine, conocida como piedra de la memoria, en recuerdo de <strong>Madrich Berliner, <\/strong>la hija de una de estas mam\u00e1s, que naci\u00f3 en Ontinyent y muri\u00f3 en Auschwitz.\u00a0<\/p>\n\n\n\n<p>La iniciativa surgi\u00f3 en un trabajo del alumnado del instituto de secundaria de La Estaci\u00f3n en el que hicieron un estudio de las calles con nombres de mujeres del municipio. Tras esta investigaci\u00f3n, propusieron dedicar una calle o lugar p\u00fablico a estas mujeres.<\/p>\n\n\n\n<p><strong>Para descubrir todos los detalles de esta historia nos acompa\u00f1a el profesor Joan Torr\u00f3, educador social en el ayuntamiento de Ontinyent y experto en la materia.<\/strong><\/p>\n\n\n\n<figure class=\"wp-block-embed is-type-rich is-provider-spotify wp-block-embed-spotify wp-embed-aspect-21-9 wp-has-aspect-ratio\"><div class=\"wp-block-embed__wrapper\">\nhttps:\/\/open.spotify.com\/episode\/3G3jSLUI4eGx8AxdUuoSBL?si=ad3c1cf88084422a\n<\/div><\/figure>\n\n\n","protected":false},"excerpt":{"rendered":"<div class=\"mh-excerpt\"><p>Las Mam\u00e1s Belgas. Este fue el nombre cari\u00f1oso que le dieron los vecinos y vecinas de Ontinyent a un grupo de veintiuna mujeres belgas que vivieron en el municipio entre 1937 y 1939. Llegaron all\u00ed <a class=\"mh-excerpt-more\" href=\"https:\/\/radioalma.eu\/bruselas\/2023\/07\/10\/conocemos-la-historia-de-las-mamas-belgas-con-joan-torro\/\" title=\"Conocemos la historia de Las Mam\u00e1s Belgas con Joan Torr\u00f3\">[&#8230;]<\/a><\/p>\n<\/div>","protected":false},"author":51,"featured_media":9987,"comment_status":"open","ping_status":"open","sticky":false,"template":"","format":"standard","meta":{"footnotes":""},"categories":[2700,2704],"tags":[134,2739,2741],"class_list":{"0":"post-9986","1":"post","2":"type-post","3":"status-publish","4":"format-standard","5":"has-post-thumbnail","7":"category-cultura","8":"category-social","9":"tag-entrevista","10":"tag-mamas-belgas","11":"tag-ontinyent"},"_links":{"self":[{"href":"https:\/\/radioalma.eu\/bruselas\/wp-json\/wp\/v2\/posts\/9986","targetHints":{"allow":["GET"]}}],"collection":[{"href":"https:\/\/radioalma.eu\/bruselas\/wp-json\/wp\/v2\/posts"}],"about":[{"href":"https:\/\/radioalma.eu\/bruselas\/wp-json\/wp\/v2\/types\/post"}],"author":[{"embeddable":true,"href":"https:\/\/radioalma.eu\/bruselas\/wp-json\/wp\/v2\/users\/51"}],"replies":[{"embeddable":true,"href":"https:\/\/radioalma.eu\/bruselas\/wp-json\/wp\/v2\/comments?post=9986"}],"version-history":[{"count":0,"href":"https:\/\/radioalma.eu\/bruselas\/wp-json\/wp\/v2\/posts\/9986\/revisions"}],"wp:featuredmedia":[{"embeddable":true,"href":"https:\/\/radioalma.eu\/bruselas\/wp-json\/wp\/v2\/media\/9987"}],"wp:attachment":[{"href":"https:\/\/radioalma.eu\/bruselas\/wp-json\/wp\/v2\/media?parent=9986"}],"wp:term":[{"taxonomy":"category","embeddable":true,"href":"https:\/\/radioalma.eu\/bruselas\/wp-json\/wp\/v2\/categories?post=9986"},{"taxonomy":"post_tag","embeddable":true,"href":"https:\/\/radioalma.eu\/bruselas\/wp-json\/wp\/v2\/tags?post=9986"}],"curies":[{"name":"wp","href":"https:\/\/api.w.org\/{rel}","templated":true}]}}