{"id":2127,"count":2,"description":"","link":"https:\/\/radioalma.eu\/bruselas\/tag\/consejeria-de-cultura-de-espana-en-belgica\/","name":"Consejer\u00eda de Cultura de Espa\u00f1a en B\u00e9lgica","slug":"consejeria-de-cultura-de-espana-en-belgica","taxonomy":"post_tag","meta":[],"_links":{"self":[{"href":"https:\/\/radioalma.eu\/bruselas\/wp-json\/wp\/v2\/tags\/2127","targetHints":{"allow":["GET"]}}],"collection":[{"href":"https:\/\/radioalma.eu\/bruselas\/wp-json\/wp\/v2\/tags"}],"about":[{"href":"https:\/\/radioalma.eu\/bruselas\/wp-json\/wp\/v2\/taxonomies\/post_tag"}],"wp:post_type":[{"href":"https:\/\/radioalma.eu\/bruselas\/wp-json\/wp\/v2\/posts?tags=2127"}],"curies":[{"name":"wp","href":"https:\/\/api.w.org\/{rel}","templated":true}]}}