{"id":2576,"date":"2026-03-13T15:28:53","date_gmt":"2026-03-13T15:28:53","guid":{"rendered":"https:\/\/radioalma.eu\/bruxellesmabelle\/?p=2576"},"modified":"2026-03-13T15:28:58","modified_gmt":"2026-03-13T15:28:58","slug":"franquin-createur-de-gaston-lagaffe","status":"publish","type":"post","link":"https:\/\/radioalma.eu\/bruxellesmabelle\/2026\/03\/13\/franquin-createur-de-gaston-lagaffe\/","title":{"rendered":"Franquin: cr\u00e9ateur de Gaston Lagaffe"},"content":{"rendered":"\n<p>Dans cet \u00e9pisode de Bruxelles en vrac du 10 mars, Scarlett nous parle d&rsquo;Andr\u00e9 Franquin, le cr\u00e9ateur de Gaston Lagaffe, du Marsupilami et pleins d&rsquo;autres h\u00e9ros de BD typiquement belges.<\/p>\n\n\n\n<audio class=\"wp-audio-shortcode\" id=\"audio-2576-1\" preload=\"none\" style=\"width: 100%;\" controls=\"controls\"><source type=\"audio\/mpeg\" src=\"https:\/\/radioalma.eu\/bruxellesmabelle\/files\/2026\/03\/BruxellesEnVrac10mars.mp3?_=1\" \/><a href=\"https:\/\/radioalma.eu\/bruxellesmabelle\/files\/2026\/03\/BruxellesEnVrac10mars.mp3\">https:\/\/radioalma.eu\/bruxellesmabelle\/files\/2026\/03\/BruxellesEnVrac10mars.mp3<\/a><\/audio>\n","protected":false},"excerpt":{"rendered":"<p>Dans cet \u00e9pisode de Bruxelles en vrac du 10 mars, Scarlett nous parle d&rsquo;Andr\u00e9 Franquin, le cr\u00e9ateur de Gaston Lagaffe, du Marsupilami et pleins d&rsquo;autres h\u00e9ros de BD typiquement belges.<span class=\"more-link\"><a href=\"https:\/\/radioalma.eu\/bruxellesmabelle\/2026\/03\/13\/franquin-createur-de-gaston-lagaffe\/\">Lire plus&#8230;<\/a><\/span><\/p>\n","protected":false},"author":21,"featured_media":2578,"comment_status":"open","ping_status":"open","sticky":false,"template":"","format":"standard","meta":{"footnotes":""},"categories":[89],"tags":[],"class_list":["entry","author-bruxellesmabelle","post-2576","post","type-post","status-publish","format-standard","has-post-thumbnail","category-bruxelles-en-vrac"],"_links":{"self":[{"href":"https:\/\/radioalma.eu\/bruxellesmabelle\/wp-json\/wp\/v2\/posts\/2576","targetHints":{"allow":["GET"]}}],"collection":[{"href":"https:\/\/radioalma.eu\/bruxellesmabelle\/wp-json\/wp\/v2\/posts"}],"about":[{"href":"https:\/\/radioalma.eu\/bruxellesmabelle\/wp-json\/wp\/v2\/types\/post"}],"author":[{"embeddable":true,"href":"https:\/\/radioalma.eu\/bruxellesmabelle\/wp-json\/wp\/v2\/users\/21"}],"replies":[{"embeddable":true,"href":"https:\/\/radioalma.eu\/bruxellesmabelle\/wp-json\/wp\/v2\/comments?post=2576"}],"version-history":[{"count":1,"href":"https:\/\/radioalma.eu\/bruxellesmabelle\/wp-json\/wp\/v2\/posts\/2576\/revisions"}],"predecessor-version":[{"id":2579,"href":"https:\/\/radioalma.eu\/bruxellesmabelle\/wp-json\/wp\/v2\/posts\/2576\/revisions\/2579"}],"wp:featuredmedia":[{"embeddable":true,"href":"https:\/\/radioalma.eu\/bruxellesmabelle\/wp-json\/wp\/v2\/media\/2578"}],"wp:attachment":[{"href":"https:\/\/radioalma.eu\/bruxellesmabelle\/wp-json\/wp\/v2\/media?parent=2576"}],"wp:term":[{"taxonomy":"category","embeddable":true,"href":"https:\/\/radioalma.eu\/bruxellesmabelle\/wp-json\/wp\/v2\/categories?post=2576"},{"taxonomy":"post_tag","embeddable":true,"href":"https:\/\/radioalma.eu\/bruxellesmabelle\/wp-json\/wp\/v2\/tags?post=2576"}],"curies":[{"name":"wp","href":"https:\/\/api.w.org\/{rel}","templated":true}]}}