{"id":2599,"date":"2026-03-18T17:17:22","date_gmt":"2026-03-18T17:17:22","guid":{"rendered":"https:\/\/radioalma.eu\/bruxellesmabelle\/?p=2599"},"modified":"2026-03-18T17:17:28","modified_gmt":"2026-03-18T17:17:28","slug":"theatre-le-portrait-de-rita","status":"publish","type":"post","link":"https:\/\/radioalma.eu\/bruxellesmabelle\/2026\/03\/18\/theatre-le-portrait-de-rita\/","title":{"rendered":"Th\u00e9\u00e2tre: Le portrait de Rita"},"content":{"rendered":"\n<p>Adam nous parle de la pi\u00e8ce de th\u00e9\u00e2tre \u00ab\u00a0Le portrait de Rita\u00a0\u00bb qui parle du racisme, une chronique \u00e0 ne pas manquer&#8230;<\/p>\n<audio class=\"wp-audio-shortcode\" id=\"audio-2599-1\" preload=\"none\" style=\"width: 100%;\" controls=\"controls\"><source type=\"audio\/mpeg\" src=\"https:\/\/radioalma.eu\/bruxellesmabelle\/files\/2026\/03\/PortraitDeRita.mp3?_=1\" \/><a href=\"https:\/\/radioalma.eu\/bruxellesmabelle\/files\/2026\/03\/PortraitDeRita.mp3\">https:\/\/radioalma.eu\/bruxellesmabelle\/files\/2026\/03\/PortraitDeRita.mp3<\/a><\/audio>\n","protected":false},"excerpt":{"rendered":"<p>Adam nous parle de la pi\u00e8ce de th\u00e9\u00e2tre \u00ab\u00a0Le portrait de Rita\u00a0\u00bb qui parle du racisme, une chronique \u00e0 ne pas manquer&#8230;<span class=\"more-link\"><a href=\"https:\/\/radioalma.eu\/bruxellesmabelle\/2026\/03\/18\/theatre-le-portrait-de-rita\/\">Lire plus&#8230;<\/a><\/span><\/p>\n","protected":false},"author":21,"featured_media":2601,"comment_status":"open","ping_status":"open","sticky":false,"template":"","format":"standard","meta":{"footnotes":""},"categories":[98],"tags":[],"class_list":["entry","author-bruxellesmabelle","post-2599","post","type-post","status-publish","format-standard","has-post-thumbnail","category-theatre"],"_links":{"self":[{"href":"https:\/\/radioalma.eu\/bruxellesmabelle\/wp-json\/wp\/v2\/posts\/2599","targetHints":{"allow":["GET"]}}],"collection":[{"href":"https:\/\/radioalma.eu\/bruxellesmabelle\/wp-json\/wp\/v2\/posts"}],"about":[{"href":"https:\/\/radioalma.eu\/bruxellesmabelle\/wp-json\/wp\/v2\/types\/post"}],"author":[{"embeddable":true,"href":"https:\/\/radioalma.eu\/bruxellesmabelle\/wp-json\/wp\/v2\/users\/21"}],"replies":[{"embeddable":true,"href":"https:\/\/radioalma.eu\/bruxellesmabelle\/wp-json\/wp\/v2\/comments?post=2599"}],"version-history":[{"count":1,"href":"https:\/\/radioalma.eu\/bruxellesmabelle\/wp-json\/wp\/v2\/posts\/2599\/revisions"}],"predecessor-version":[{"id":2602,"href":"https:\/\/radioalma.eu\/bruxellesmabelle\/wp-json\/wp\/v2\/posts\/2599\/revisions\/2602"}],"wp:featuredmedia":[{"embeddable":true,"href":"https:\/\/radioalma.eu\/bruxellesmabelle\/wp-json\/wp\/v2\/media\/2601"}],"wp:attachment":[{"href":"https:\/\/radioalma.eu\/bruxellesmabelle\/wp-json\/wp\/v2\/media?parent=2599"}],"wp:term":[{"taxonomy":"category","embeddable":true,"href":"https:\/\/radioalma.eu\/bruxellesmabelle\/wp-json\/wp\/v2\/categories?post=2599"},{"taxonomy":"post_tag","embeddable":true,"href":"https:\/\/radioalma.eu\/bruxellesmabelle\/wp-json\/wp\/v2\/tags?post=2599"}],"curies":[{"name":"wp","href":"https:\/\/api.w.org\/{rel}","templated":true}]}}