{"id":2603,"date":"2026-03-18T17:20:50","date_gmt":"2026-03-18T17:20:50","guid":{"rendered":"https:\/\/radioalma.eu\/bruxellesmabelle\/?p=2603"},"modified":"2026-03-18T17:20:54","modified_gmt":"2026-03-18T17:20:54","slug":"theatre-prima-facie","status":"publish","type":"post","link":"https:\/\/radioalma.eu\/bruxellesmabelle\/2026\/03\/18\/theatre-prima-facie\/","title":{"rendered":"Th\u00e9\u00e2tre: Prima Facie"},"content":{"rendered":"\n<p>Barbara nous parle \u00e0 son tour d&rsquo;une pi\u00e8ce de th\u00e9\u00e2tre, \u00ab\u00a0Prima Facie\u00a0\u00bb, qui commence d\u00e9j\u00e0 \u00e0 faire parler (positivement bien \u00e9videmment)&#8230;<\/p>\n<audio class=\"wp-audio-shortcode\" id=\"audio-2603-1\" preload=\"none\" style=\"width: 100%;\" controls=\"controls\"><source type=\"audio\/mpeg\" src=\"https:\/\/radioalma.eu\/bruxellesmabelle\/files\/2026\/03\/prima-facie-chronique-.mp3?_=1\" \/><a href=\"https:\/\/radioalma.eu\/bruxellesmabelle\/files\/2026\/03\/prima-facie-chronique-.mp3\">https:\/\/radioalma.eu\/bruxellesmabelle\/files\/2026\/03\/prima-facie-chronique-.mp3<\/a><\/audio>\n","protected":false},"excerpt":{"rendered":"<p>Barbara nous parle \u00e0 son tour d&rsquo;une pi\u00e8ce de th\u00e9\u00e2tre, \u00ab\u00a0Prima Facie\u00a0\u00bb, qui commence d\u00e9j\u00e0 \u00e0 faire parler (positivement bien \u00e9videmment)&#8230;<span class=\"more-link\"><a href=\"https:\/\/radioalma.eu\/bruxellesmabelle\/2026\/03\/18\/theatre-prima-facie\/\">Lire plus&#8230;<\/a><\/span><\/p>\n","protected":false},"author":21,"featured_media":2605,"comment_status":"open","ping_status":"open","sticky":false,"template":"","format":"standard","meta":{"footnotes":""},"categories":[96,98],"tags":[],"class_list":["entry","author-bruxellesmabelle","post-2603","post","type-post","status-publish","format-standard","has-post-thumbnail","category-la-chronique-de-barbs","category-theatre"],"_links":{"self":[{"href":"https:\/\/radioalma.eu\/bruxellesmabelle\/wp-json\/wp\/v2\/posts\/2603","targetHints":{"allow":["GET"]}}],"collection":[{"href":"https:\/\/radioalma.eu\/bruxellesmabelle\/wp-json\/wp\/v2\/posts"}],"about":[{"href":"https:\/\/radioalma.eu\/bruxellesmabelle\/wp-json\/wp\/v2\/types\/post"}],"author":[{"embeddable":true,"href":"https:\/\/radioalma.eu\/bruxellesmabelle\/wp-json\/wp\/v2\/users\/21"}],"replies":[{"embeddable":true,"href":"https:\/\/radioalma.eu\/bruxellesmabelle\/wp-json\/wp\/v2\/comments?post=2603"}],"version-history":[{"count":1,"href":"https:\/\/radioalma.eu\/bruxellesmabelle\/wp-json\/wp\/v2\/posts\/2603\/revisions"}],"predecessor-version":[{"id":2606,"href":"https:\/\/radioalma.eu\/bruxellesmabelle\/wp-json\/wp\/v2\/posts\/2603\/revisions\/2606"}],"wp:featuredmedia":[{"embeddable":true,"href":"https:\/\/radioalma.eu\/bruxellesmabelle\/wp-json\/wp\/v2\/media\/2605"}],"wp:attachment":[{"href":"https:\/\/radioalma.eu\/bruxellesmabelle\/wp-json\/wp\/v2\/media?parent=2603"}],"wp:term":[{"taxonomy":"category","embeddable":true,"href":"https:\/\/radioalma.eu\/bruxellesmabelle\/wp-json\/wp\/v2\/categories?post=2603"},{"taxonomy":"post_tag","embeddable":true,"href":"https:\/\/radioalma.eu\/bruxellesmabelle\/wp-json\/wp\/v2\/tags?post=2603"}],"curies":[{"name":"wp","href":"https:\/\/api.w.org\/{rel}","templated":true}]}}