{"id":178,"date":"2025-02-07T09:22:33","date_gmt":"2025-02-07T08:22:33","guid":{"rendered":"https:\/\/radioalma.eu\/gazette\/?p=178"},"modified":"2025-12-19T11:15:31","modified_gmt":"2025-12-19T10:15:31","slug":"donald-trump-est-a-nouveau-president-des-etats-unis-depuis-le-20-janvier-2025-soutenu-par-les-geants-de-la-tech-il-promet-une-politique-radicale-sur-limmigration-leconomie-et-les","status":"publish","type":"post","link":"https:\/\/radioalma.eu\/gazette\/2025\/02\/07\/donald-trump-est-a-nouveau-president-des-etats-unis-depuis-le-20-janvier-2025-soutenu-par-les-geants-de-la-tech-il-promet-une-politique-radicale-sur-limmigration-leconomie-et-les\/","title":{"rendered":"Donald Trump est \u00e0 nouveau pr\u00e9sident des \u00c9tats-Unis depuis le 20 janvier 2025"},"content":{"rendered":"\n<figure class=\"wp-block-image size-large\"><img fetchpriority=\"high\" decoding=\"async\" width=\"1024\" height=\"768\" src=\"http:\/\/radioalma.eu\/gazette\/files\/2025\/02\/Fanchon01-Trump-1024x768.jpg\" alt=\"\" class=\"wp-image-168\" style=\"aspect-ratio:16\/9;object-fit:cover\" srcset=\"https:\/\/radioalma.eu\/gazette\/files\/2025\/02\/Fanchon01-Trump-1024x768.jpg 1024w, https:\/\/radioalma.eu\/gazette\/files\/2025\/02\/Fanchon01-Trump-300x225.jpg 300w, https:\/\/radioalma.eu\/gazette\/files\/2025\/02\/Fanchon01-Trump-768x576.jpg 768w, https:\/\/radioalma.eu\/gazette\/files\/2025\/02\/Fanchon01-Trump-1536x1152.jpg 1536w, https:\/\/radioalma.eu\/gazette\/files\/2025\/02\/Fanchon01-Trump-2048x1536.jpg 2048w\" sizes=\"(max-width: 1024px) 100vw, 1024px\" \/><\/figure>\n\n\n\n<figure class=\"wp-block-audio\"><audio controls src=\"http:\/\/radioalma.eu\/gazette\/files\/2025\/02\/Fanchon01-Trump.mp3\"><\/audio><\/figure>\n","protected":false},"excerpt":{"rendered":"","protected":false},"author":114,"featured_media":168,"comment_status":"open","ping_status":"open","sticky":false,"template":"","format":"standard","meta":{"footnotes":""},"categories":[5],"tags":[],"class_list":["post-178","post","type-post","status-publish","format-standard","has-post-thumbnail","hentry","category-international"],"_links":{"self":[{"href":"https:\/\/radioalma.eu\/gazette\/wp-json\/wp\/v2\/posts\/178","targetHints":{"allow":["GET"]}}],"collection":[{"href":"https:\/\/radioalma.eu\/gazette\/wp-json\/wp\/v2\/posts"}],"about":[{"href":"https:\/\/radioalma.eu\/gazette\/wp-json\/wp\/v2\/types\/post"}],"author":[{"embeddable":true,"href":"https:\/\/radioalma.eu\/gazette\/wp-json\/wp\/v2\/users\/114"}],"replies":[{"embeddable":true,"href":"https:\/\/radioalma.eu\/gazette\/wp-json\/wp\/v2\/comments?post=178"}],"version-history":[{"count":1,"href":"https:\/\/radioalma.eu\/gazette\/wp-json\/wp\/v2\/posts\/178\/revisions"}],"predecessor-version":[{"id":796,"href":"https:\/\/radioalma.eu\/gazette\/wp-json\/wp\/v2\/posts\/178\/revisions\/796"}],"wp:featuredmedia":[{"embeddable":true,"href":"https:\/\/radioalma.eu\/gazette\/wp-json\/wp\/v2\/media\/168"}],"wp:attachment":[{"href":"https:\/\/radioalma.eu\/gazette\/wp-json\/wp\/v2\/media?parent=178"}],"wp:term":[{"taxonomy":"category","embeddable":true,"href":"https:\/\/radioalma.eu\/gazette\/wp-json\/wp\/v2\/categories?post=178"},{"taxonomy":"post_tag","embeddable":true,"href":"https:\/\/radioalma.eu\/gazette\/wp-json\/wp\/v2\/tags?post=178"}],"curies":[{"name":"wp","href":"https:\/\/api.w.org\/{rel}","templated":true}]}}