{"id":326,"date":"2025-04-11T07:09:04","date_gmt":"2025-04-11T05:09:04","guid":{"rendered":"https:\/\/radioalma.eu\/gazette\/?p=326"},"modified":"2025-12-19T10:14:27","modified_gmt":"2025-12-19T09:14:27","slug":"bouddha-qui-etait-ce-sage-venere-dans-le-monde-entier","status":"publish","type":"post","link":"https:\/\/radioalma.eu\/gazette\/2025\/04\/11\/bouddha-qui-etait-ce-sage-venere-dans-le-monde-entier\/","title":{"rendered":"Bouddha, qui \u00e9tait ce sage v\u00e9n\u00e9r\u00e9 dans le monde entier ?"},"content":{"rendered":"\n<figure class=\"wp-block-image size-large\"><img fetchpriority=\"high\" decoding=\"async\" width=\"1024\" height=\"683\" src=\"http:\/\/radioalma.eu\/gazette\/files\/2025\/04\/Bouddha-1024x683.jpg\" alt=\"\" class=\"wp-image-321\" style=\"aspect-ratio:16\/9;object-fit:cover\" srcset=\"https:\/\/radioalma.eu\/gazette\/files\/2025\/04\/Bouddha-1024x683.jpg 1024w, https:\/\/radioalma.eu\/gazette\/files\/2025\/04\/Bouddha-300x200.jpg 300w, https:\/\/radioalma.eu\/gazette\/files\/2025\/04\/Bouddha-768x512.jpg 768w, https:\/\/radioalma.eu\/gazette\/files\/2025\/04\/Bouddha-1536x1024.jpg 1536w, https:\/\/radioalma.eu\/gazette\/files\/2025\/04\/Bouddha-2048x1365.jpg 2048w\" sizes=\"(max-width: 1024px) 100vw, 1024px\" \/><\/figure>\n\n\n\n<figure class=\"wp-block-audio\"><audio controls src=\"http:\/\/radioalma.eu\/gazette\/files\/2025\/04\/Sandrine-2-Bouddha.mp3\"><\/audio><\/figure>\n","protected":false},"excerpt":{"rendered":"","protected":false},"author":114,"featured_media":321,"comment_status":"open","ping_status":"open","sticky":false,"template":"","format":"standard","meta":{"footnotes":""},"categories":[5],"tags":[],"class_list":["post-326","post","type-post","status-publish","format-standard","has-post-thumbnail","hentry","category-international"],"_links":{"self":[{"href":"https:\/\/radioalma.eu\/gazette\/wp-json\/wp\/v2\/posts\/326","targetHints":{"allow":["GET"]}}],"collection":[{"href":"https:\/\/radioalma.eu\/gazette\/wp-json\/wp\/v2\/posts"}],"about":[{"href":"https:\/\/radioalma.eu\/gazette\/wp-json\/wp\/v2\/types\/post"}],"author":[{"embeddable":true,"href":"https:\/\/radioalma.eu\/gazette\/wp-json\/wp\/v2\/users\/114"}],"replies":[{"embeddable":true,"href":"https:\/\/radioalma.eu\/gazette\/wp-json\/wp\/v2\/comments?post=326"}],"version-history":[{"count":1,"href":"https:\/\/radioalma.eu\/gazette\/wp-json\/wp\/v2\/posts\/326\/revisions"}],"predecessor-version":[{"id":761,"href":"https:\/\/radioalma.eu\/gazette\/wp-json\/wp\/v2\/posts\/326\/revisions\/761"}],"wp:featuredmedia":[{"embeddable":true,"href":"https:\/\/radioalma.eu\/gazette\/wp-json\/wp\/v2\/media\/321"}],"wp:attachment":[{"href":"https:\/\/radioalma.eu\/gazette\/wp-json\/wp\/v2\/media?parent=326"}],"wp:term":[{"taxonomy":"category","embeddable":true,"href":"https:\/\/radioalma.eu\/gazette\/wp-json\/wp\/v2\/categories?post=326"},{"taxonomy":"post_tag","embeddable":true,"href":"https:\/\/radioalma.eu\/gazette\/wp-json\/wp\/v2\/tags?post=326"}],"curies":[{"name":"wp","href":"https:\/\/api.w.org\/{rel}","templated":true}]}}