{"id":368,"date":"2025-05-22T12:56:30","date_gmt":"2025-05-22T10:56:30","guid":{"rendered":"https:\/\/radioalma.eu\/gazette\/?p=368"},"modified":"2025-12-19T09:29:34","modified_gmt":"2025-12-19T08:29:34","slug":"un-etrange-camion-se-deplace-dans-la-region-de-bruxelles-capitale-depuis-le-20-mars","status":"publish","type":"post","link":"https:\/\/radioalma.eu\/gazette\/2025\/05\/22\/un-etrange-camion-se-deplace-dans-la-region-de-bruxelles-capitale-depuis-le-20-mars\/","title":{"rendered":"Un \u00e9trange camion se d\u00e9place dans la r\u00e9gion de Bruxelles capitale depuis le 20 mars."},"content":{"rendered":"\n<figure class=\"wp-block-image size-large\"><img fetchpriority=\"high\" decoding=\"async\" width=\"1024\" height=\"683\" src=\"http:\/\/radioalma.eu\/gazette\/files\/2025\/05\/dentiste-1024x683.jpg\" alt=\"\" class=\"wp-image-366\" style=\"aspect-ratio:16\/9;object-fit:cover\" srcset=\"https:\/\/radioalma.eu\/gazette\/files\/2025\/05\/dentiste-1024x683.jpg 1024w, https:\/\/radioalma.eu\/gazette\/files\/2025\/05\/dentiste-300x200.jpg 300w, https:\/\/radioalma.eu\/gazette\/files\/2025\/05\/dentiste-768x512.jpg 768w, https:\/\/radioalma.eu\/gazette\/files\/2025\/05\/dentiste-1536x1024.jpg 1536w, https:\/\/radioalma.eu\/gazette\/files\/2025\/05\/dentiste-2048x1365.jpg 2048w\" sizes=\"(max-width: 1024px) 100vw, 1024px\" \/><\/figure>\n\n\n\n<figure class=\"wp-block-audio\"><audio controls src=\"http:\/\/radioalma.eu\/gazette\/files\/2025\/05\/JDE-Nathalie01-dentiste.mp3\"><\/audio><\/figure>\n","protected":false},"excerpt":{"rendered":"","protected":false},"author":114,"featured_media":366,"comment_status":"open","ping_status":"open","sticky":false,"template":"","format":"standard","meta":{"footnotes":""},"categories":[4],"tags":[],"class_list":["post-368","post","type-post","status-publish","format-standard","has-post-thumbnail","hentry","category-belgique"],"_links":{"self":[{"href":"https:\/\/radioalma.eu\/gazette\/wp-json\/wp\/v2\/posts\/368","targetHints":{"allow":["GET"]}}],"collection":[{"href":"https:\/\/radioalma.eu\/gazette\/wp-json\/wp\/v2\/posts"}],"about":[{"href":"https:\/\/radioalma.eu\/gazette\/wp-json\/wp\/v2\/types\/post"}],"author":[{"embeddable":true,"href":"https:\/\/radioalma.eu\/gazette\/wp-json\/wp\/v2\/users\/114"}],"replies":[{"embeddable":true,"href":"https:\/\/radioalma.eu\/gazette\/wp-json\/wp\/v2\/comments?post=368"}],"version-history":[{"count":2,"href":"https:\/\/radioalma.eu\/gazette\/wp-json\/wp\/v2\/posts\/368\/revisions"}],"predecessor-version":[{"id":747,"href":"https:\/\/radioalma.eu\/gazette\/wp-json\/wp\/v2\/posts\/368\/revisions\/747"}],"wp:featuredmedia":[{"embeddable":true,"href":"https:\/\/radioalma.eu\/gazette\/wp-json\/wp\/v2\/media\/366"}],"wp:attachment":[{"href":"https:\/\/radioalma.eu\/gazette\/wp-json\/wp\/v2\/media?parent=368"}],"wp:term":[{"taxonomy":"category","embeddable":true,"href":"https:\/\/radioalma.eu\/gazette\/wp-json\/wp\/v2\/categories?post=368"},{"taxonomy":"post_tag","embeddable":true,"href":"https:\/\/radioalma.eu\/gazette\/wp-json\/wp\/v2\/tags?post=368"}],"curies":[{"name":"wp","href":"https:\/\/api.w.org\/{rel}","templated":true}]}}