{"id":1,"date":"2013-03-20T14:02:27","date_gmt":"2013-03-20T13:02:27","guid":{"rendered":"http:\/\/radioalma.eu\/horizonte\/?p=1"},"modified":"2013-03-28T13:05:05","modified_gmt":"2013-03-28T12:05:05","slug":"bonjour-tout-le-monde","status":"publish","type":"post","link":"https:\/\/radioalma.eu\/horizonte\/2013\/03\/20\/bonjour-tout-le-monde\/","title":{"rendered":"Bienvenue!"},"content":{"rendered":"<p><a href=\"http:\/\/radioalma.eu\/horizonte\/files\/2013\/03\/P1050536.jpg\"><img decoding=\"async\" class=\"alignnone size-medium wp-image-49\" style=\"float: left; margin-left: 15px; margin-right: 15px;\" alt=\"P1050536\" src=\"http:\/\/radioalma.eu\/horizonte\/files\/2013\/03\/P1050536-300x84.jpg\" width=\"300\" height=\"84\" srcset=\"https:\/\/radioalma.eu\/horizonte\/files\/2013\/03\/P1050536-300x84.jpg 300w, https:\/\/radioalma.eu\/horizonte\/files\/2013\/03\/P1050536.jpg 1024w\" sizes=\"(max-width: 300px) 100vw, 300px\" \/><\/a>Bienvenue dans <a href=\"http:\/\/radioalma.eu\/\">R\u00e9seau Blogs Radio Alma 101.9 FM Bruxelles<\/a>. Vous trouverez dans cet espace des informations sur votre \u00e9mission pr\u00e9f\u00e9r\u00e9e <a href=\"http:\/\/radioalma.eu\/\">R\u00e9seau Blogs Radio Alma 101.9 FM Bruxelles<\/a>.<br \/>\n!<\/p>\n","protected":false},"excerpt":{"rendered":"<p>Bienvenue dans R\u00e9seau Blogs Radio Alma 101.9 FM Bruxelles. Vous trouverez dans cet espace des informations sur votre \u00e9mission pr\u00e9f\u00e9r\u00e9e R\u00e9seau Blogs Radio Alma 101.9 FM Bruxelles. !<\/p>\n","protected":false},"author":60,"featured_media":0,"comment_status":"open","ping_status":"open","sticky":false,"template":"","format":"standard","meta":{"footnotes":""},"categories":[1],"tags":[],"class_list":["post-1","post","type-post","status-publish","format-standard","hentry","category-non-classe"],"_links":{"self":[{"href":"https:\/\/radioalma.eu\/horizonte\/wp-json\/wp\/v2\/posts\/1","targetHints":{"allow":["GET"]}}],"collection":[{"href":"https:\/\/radioalma.eu\/horizonte\/wp-json\/wp\/v2\/posts"}],"about":[{"href":"https:\/\/radioalma.eu\/horizonte\/wp-json\/wp\/v2\/types\/post"}],"author":[{"embeddable":true,"href":"https:\/\/radioalma.eu\/horizonte\/wp-json\/wp\/v2\/users\/60"}],"replies":[{"embeddable":true,"href":"https:\/\/radioalma.eu\/horizonte\/wp-json\/wp\/v2\/comments?post=1"}],"version-history":[{"count":0,"href":"https:\/\/radioalma.eu\/horizonte\/wp-json\/wp\/v2\/posts\/1\/revisions"}],"wp:attachment":[{"href":"https:\/\/radioalma.eu\/horizonte\/wp-json\/wp\/v2\/media?parent=1"}],"wp:term":[{"taxonomy":"category","embeddable":true,"href":"https:\/\/radioalma.eu\/horizonte\/wp-json\/wp\/v2\/categories?post=1"},{"taxonomy":"post_tag","embeddable":true,"href":"https:\/\/radioalma.eu\/horizonte\/wp-json\/wp\/v2\/tags?post=1"}],"curies":[{"name":"wp","href":"https:\/\/api.w.org\/{rel}","templated":true}]}}