{"id":108,"date":"2013-03-25T18:15:02","date_gmt":"2013-03-25T17:15:02","guid":{"rendered":"http:\/\/radioalma.eu\/horizonte\/?p=108"},"modified":"2013-03-25T20:28:10","modified_gmt":"2013-03-25T19:28:10","slug":"interview-a-miguel-fuster-premiere-emission-de-radio-solidaria-amiga-online","status":"publish","type":"post","link":"https:\/\/radioalma.eu\/horizonte\/2013\/03\/25\/interview-a-miguel-fuster-premiere-emission-de-radio-solidaria-amiga-online\/","title":{"rendered":"Interview \u00e0 Miguel Fuster, premi\u00e8re \u00e9mission de Radio Solidaria Amiga Online"},"content":{"rendered":"<p style=\"font-family: Arial, Helvetica, sans-serif;font-size: 12px;font-style: normal\"><span style=\"color: #000000\"><a href=\"http:\/\/radioalma.eu\/horizonte\/files\/2013\/03\/RadioSolidariaAmiga.jpg\"><img decoding=\"async\" style=\"float: right;margin-left: 15px;margin-right: 15px\" alt=\"\" src=\"http:\/\/radioalma.eu\/horizonte\/files\/2013\/03\/RadioSolidariaAmiga.jpg\" width=\"190\" height=\"190\" \/><\/a>Aujourd&rsquo;hui nous courrons avec Miguel Fuster, quatre fois champion d&rsquo;Espagne en Rallyes sur asphalte. Les \u00e9l\u00e8ves de 4\u00b0 de primaire de l\u2019\u00c9cole \u00abEl Murtal\u00bb sont les journalistes d&rsquo;un jour et interviewent ce pilot de Benidorm qui depuis ses d\u00e9buts \u00e0 18 ans, jusqu&rsquo;aux 41 ans qu&rsquo;il a aujourd&rsquo;hui, se consacre \u00e0 cette comp\u00e9tition automobile, sa passion.<\/span><\/p>\n<p style=\"font-family: Arial, Helvetica, sans-serif;font-size: 12px;font-style: normal\"><span style=\"color: #000000\">Miguel Fuster a gagn\u00e9 son premier championnat d&rsquo;Espagne dans le Rally de Navarra, en 2001, et le dernier en 2012, \u00e0 Sierra Morena. Il est le seul pilot qui a vaincu la course avec trois voitures de diff\u00e9rente traction (traction avant, arri\u00e8re et int\u00e9grale). Dans cette \u00e9mission, apr\u00e8s faire un parcours sur son palmar\u00e8s, les \u00e9l\u00e8ves lui demandent comment se met-il en condition pour pr\u00e9parer sa course. Pour Miguel, il n&rsquo;a pas \u00e9t\u00e9 facile d&rsquo;arriver si loin: ce sont de longues heures d&rsquo;entra\u00eenement physique et mental qui lui ont permis d&rsquo;atteindre son but.<\/span><\/p>\n<p style=\"font-family: Arial, Helvetica, sans-serif;font-size: 12px;font-style: normal\"><span style=\"color: #000000\">Pour quoi a-t-il d\u00e9cid\u00e9 d&rsquo;\u00eatre pilot de rallye? Quel est le r\u00f4le du copilote pendant la course? Ce ne sont l\u00e0 que l&rsquo;unes des questions soumises \u00e0 Miguel. De plus, il nous raconte la relation qu&rsquo;il a avec ses voitures, et nous parle de m\u00e9canique et du r\u00e9gime \u00e0 suivre avant chaque course. Depuis Alicante, <b>Radio Solidaria Amiga<\/b> nous offre cette interview.<\/span><\/p>\n<p style=\"font-family: Arial, Helvetica, sans-serif;font-size: 12px;font-style: normal\"><span style=\"color: #000000\">\u00a0<\/span><\/p>\n<p style=\"font-family: Arial, Helvetica, sans-serif;font-size: 12px;font-style: normal\"><span style=\"color: #000000\">\u00a0\u00a0\u00a0\u00a0\u00a0\u00a0\u00a0\u00a0\u00a0\u00a0\u00a0 \u00c9MISSION<\/span><\/p>\n<p style=\"font-family: Arial, Helvetica, sans-serif;font-size: 12px;font-style: normal\"><span style=\"color: #000000\">\u00a0<\/span><\/p>\n<p style=\"font-family: Arial, Helvetica, sans-serif;font-size: 12px;font-style: normal\"><span style=\"color: #000000\">Radio Solidaria Amiga est une radio scolaire r\u00e9alis\u00e9e par les \u00e9l\u00e8ves de l&rsquo;\u00e9cole \u00abEl Murtal\u00bb avec l\u00b4aide de ses professeurs et de la fondatrice et directrice de la radio: Magdalena Galiana Lloret. L&rsquo;\u00e9cole est bas\u00e9e \u00e0 Benidorm (Alicante), et la mission de la radio est de d\u00e9velopper chez l&rsquo;\u00e9l\u00e8ve ses valeurs de solidarit\u00e9.<\/span><\/p>\n<p style=\"font-family: Arial, Helvetica, sans-serif;font-size: 12px;font-style: normal\"><span style=\"color: #000000\">\u00a0<\/span><\/p>\n<p style=\"font-family: Arial, Helvetica, sans-serif;font-size: 12px;font-style: normal\"><span style=\"color: #000000\">On utilise la radio pour motiver l&rsquo;apprentissage des \u00e9l\u00e8ves et pour favoriser l\u2019int\u00e9gration sociale des \u00e9l\u00e8ves d&rsquo;autres pays. Ainsi, la radio est un outil pr\u00e9cieux pour leur futur CV \u00ab\u00a0<b>curriculum\u00a0\u00bb<\/b>, car ils apprennent \u00e0 parler en public et d\u00e9veloppent au contact d&rsquo;une grande vari\u00e9t\u00e9 de milieux des comp\u00e9tences sociales qui leur seront utiles<b> <\/b>dans leur vie d&rsquo;adulte.<\/span><\/p>\n<p style=\"font-family: Arial, Helvetica, sans-serif;font-size: 12px;font-style: normal\"><span style=\"color: #000000\">En somme, la radio leur permet d&rsquo;apprendre en s&rsquo;amusant, elle enrichit la convivialit\u00e9 entre les \u00e9l\u00e8ves et r\u00e9pond sa curiosit\u00e9.\u00a0<\/span><\/p>\n<p style=\"font-family: Arial, Helvetica, sans-serif;font-size: 12px;font-style: normal\"><span style=\"color: #000000\">\u00a0<\/span><\/p>\n<p style=\"font-family: Arial, Helvetica, sans-serif;font-size: 12px;font-style: normal\"><span style=\"color: #000000\">Radio Solidaria Amiga \u00e9mets \u00e0 travers l\u2019Internet, et vous pouvez l&rsquo;\u00e9couter \u00e0 <a href=\"http:\/\/www.radiosolidariaamiga.es\/\"><span style=\"color: #000000\">www.radiosolidariaamiga.es<\/span><\/a> tous les vendredis \u00e0 15 heures.Ainsi, vous pouvez leur suivre sur le<a href=\"http:\/\/madagali.wordpress.com\/2013\/03\/20\/2430\/\" target=\"_blank\"> Blog de Radio Solidaria Amiga Online<\/a><\/span><\/p>\n<p>&nbsp;<\/p>\n","protected":false},"excerpt":{"rendered":"<p>Aujourd&rsquo;hui nous courrons avec Miguel Fuster, quatre fois champion d&rsquo;Espagne en Rallyes sur asphalte. Les \u00e9l\u00e8ves de 4\u00b0 de primaire de l\u2019\u00c9cole \u00abEl Murtal\u00bb sont les journalistes d&rsquo;un jour et interviewent ce pilot de Benidorm qui depuis ses d\u00e9buts \u00e0 18 ans, jusqu&rsquo;aux 41 ans qu&rsquo;il a aujourd&rsquo;hui, se consacre&#8230;<\/p>\n","protected":false},"author":60,"featured_media":128,"comment_status":"open","ping_status":"open","sticky":false,"template":"","format":"standard","meta":{"footnotes":""},"categories":[21],"tags":[],"class_list":["post-108","post","type-post","status-publish","format-standard","has-post-thumbnail","hentry","category-deja-diffuse"],"_links":{"self":[{"href":"https:\/\/radioalma.eu\/horizonte\/wp-json\/wp\/v2\/posts\/108","targetHints":{"allow":["GET"]}}],"collection":[{"href":"https:\/\/radioalma.eu\/horizonte\/wp-json\/wp\/v2\/posts"}],"about":[{"href":"https:\/\/radioalma.eu\/horizonte\/wp-json\/wp\/v2\/types\/post"}],"author":[{"embeddable":true,"href":"https:\/\/radioalma.eu\/horizonte\/wp-json\/wp\/v2\/users\/60"}],"replies":[{"embeddable":true,"href":"https:\/\/radioalma.eu\/horizonte\/wp-json\/wp\/v2\/comments?post=108"}],"version-history":[{"count":0,"href":"https:\/\/radioalma.eu\/horizonte\/wp-json\/wp\/v2\/posts\/108\/revisions"}],"wp:featuredmedia":[{"embeddable":true,"href":"https:\/\/radioalma.eu\/horizonte\/wp-json\/wp\/v2\/media\/128"}],"wp:attachment":[{"href":"https:\/\/radioalma.eu\/horizonte\/wp-json\/wp\/v2\/media?parent=108"}],"wp:term":[{"taxonomy":"category","embeddable":true,"href":"https:\/\/radioalma.eu\/horizonte\/wp-json\/wp\/v2\/categories?post=108"},{"taxonomy":"post_tag","embeddable":true,"href":"https:\/\/radioalma.eu\/horizonte\/wp-json\/wp\/v2\/tags?post=108"}],"curies":[{"name":"wp","href":"https:\/\/api.w.org\/{rel}","templated":true}]}}