{"id":124,"date":"2013-03-25T17:44:08","date_gmt":"2013-03-25T16:44:08","guid":{"rendered":"http:\/\/radioalma.eu\/horizonte\/?p=124"},"modified":"2013-03-28T13:00:14","modified_gmt":"2013-03-28T12:00:14","slug":"proyecto-horizonte-2","status":"publish","type":"post","link":"https:\/\/radioalma.eu\/horizonte\/2013\/03\/25\/proyecto-horizonte-2\/","title":{"rendered":"\u00ab Proyecto Horizonte \u00bb"},"content":{"rendered":"<p style=\"text-align: justify\"><a href=\"http:\/\/radioalma.eu\/horizonte\/files\/2013\/03\/P1050525.png\"><img fetchpriority=\"high\" decoding=\"async\" class=\"alignnone size-medium wp-image-56\" style=\"float: right;margin-left: 20px;margin-right: 20px\" alt=\"P1050525\" src=\"http:\/\/radioalma.eu\/horizonte\/files\/2013\/03\/P1050525-300x168.png\" width=\"300\" height=\"168\" srcset=\"https:\/\/radioalma.eu\/horizonte\/files\/2013\/03\/P1050525-300x168.png 300w, https:\/\/radioalma.eu\/horizonte\/files\/2013\/03\/P1050525.png 1024w\" sizes=\"(max-width: 300px) 100vw, 300px\" \/><\/a>\u00ab Horizonte \u00bb est une \u00e9mission quotidienne en espagnol et en fran\u00e7ais, produite avec la collaboration de radios associatives hispanophones. Chaque apr\u00e8s midi \u00e0 13h et d\u00e9but de nuit, du lundi au vendredi, nous pr\u00e9sentons les th\u00e8mes et invit\u00e9es du jour. Les radios associatives de la semaine nous pr\u00e9sentent dans leur langue un sujet de culture, de soci\u00e9t\u00e9 ou de politique. Les pr\u00e9sentateurs font ainsi des r\u00e9flexions et partagent leurs opinions pour nous faire part des principes et des valeurs qui r\u00e9gissent leur vie.<\/p>\n<p style=\"text-align: justify\">\u00ab Proyecto Horizonte \u00bb es un programa diario en espa\u00f1ol y en franc\u00e9s en colaboraci\u00f3n con radios asociativas hispan\u00f3fonas. Cada d\u00eda a la una de la tarde y media noche, de lunes a viernes, presentamos los programas y temas abordados por las invitadas del d\u00eda. Las radios presentan en su lengua un tema de cultura, de sociedad o de pol\u00edtica. Los presentadores tambi\u00e9n reflexionar\u00e1n y debatir\u00e1n para transmitirnos los principios y los valores que rigen su vida.<br \/>\nPor nuestra parte, desde Radio Alma reflexionaremos sobre todo lo que nos aportan, a nivel profesional y humano, estas radios que nos ofrecen este peque\u00f1o espacio de vidas y opiniones compartidas.<\/p>\n","protected":false},"excerpt":{"rendered":"<p>\u00ab Horizonte \u00bb est une \u00e9mission quotidienne en espagnol et en fran\u00e7ais, produite avec la collaboration de radios associatives hispanophones. Chaque apr\u00e8s midi \u00e0 13h et d\u00e9but de nuit, du lundi au vendredi, nous pr\u00e9sentons les th\u00e8mes et invit\u00e9es du jour. Les radios associatives de la semaine nous pr\u00e9sentent dans&#8230;<\/p>\n","protected":false},"author":60,"featured_media":0,"comment_status":"open","ping_status":"open","sticky":false,"template":"","format":"standard","meta":{"footnotes":""},"categories":[16],"tags":[58,57],"class_list":["post-124","post","type-post","status-publish","format-standard","hentry","category-prochainement","tag-horizonte-2","tag-projet"],"_links":{"self":[{"href":"https:\/\/radioalma.eu\/horizonte\/wp-json\/wp\/v2\/posts\/124","targetHints":{"allow":["GET"]}}],"collection":[{"href":"https:\/\/radioalma.eu\/horizonte\/wp-json\/wp\/v2\/posts"}],"about":[{"href":"https:\/\/radioalma.eu\/horizonte\/wp-json\/wp\/v2\/types\/post"}],"author":[{"embeddable":true,"href":"https:\/\/radioalma.eu\/horizonte\/wp-json\/wp\/v2\/users\/60"}],"replies":[{"embeddable":true,"href":"https:\/\/radioalma.eu\/horizonte\/wp-json\/wp\/v2\/comments?post=124"}],"version-history":[{"count":0,"href":"https:\/\/radioalma.eu\/horizonte\/wp-json\/wp\/v2\/posts\/124\/revisions"}],"wp:attachment":[{"href":"https:\/\/radioalma.eu\/horizonte\/wp-json\/wp\/v2\/media?parent=124"}],"wp:term":[{"taxonomy":"category","embeddable":true,"href":"https:\/\/radioalma.eu\/horizonte\/wp-json\/wp\/v2\/categories?post=124"},{"taxonomy":"post_tag","embeddable":true,"href":"https:\/\/radioalma.eu\/horizonte\/wp-json\/wp\/v2\/tags?post=124"}],"curies":[{"name":"wp","href":"https:\/\/api.w.org\/{rel}","templated":true}]}}