{"id":134,"date":"2013-03-25T18:29:22","date_gmt":"2013-03-25T17:29:22","guid":{"rendered":"http:\/\/radioalma.eu\/horizonte\/?p=134"},"modified":"2013-04-09T12:05:01","modified_gmt":"2013-04-09T11:05:01","slug":"premiere-emission-de-frecuencia-favorable-a-radio-alma","status":"publish","type":"post","link":"https:\/\/radioalma.eu\/horizonte\/2013\/03\/25\/premiere-emission-de-frecuencia-favorable-a-radio-alma\/","title":{"rendered":"\u00ab\u00a0Una mirada diferente\u00a0\u00bb, Premi\u00e8re \u00e9mission de Frecuencia Favorable \u00e0 Radio Alma"},"content":{"rendered":"<p style=\"font-family: Arial, Helvetica, sans-serif;font-size: 12px\">Aujourd&rsquo;hui nous vous pr\u00e9sentons l&#8217;emission \u201cFrecuencia Favorable\u201d, un programme de variet\u00e9s au format magazine qui traite diverses th\u00e9matiques: sport, politique, econom\u00ede, tauromachie et d&rsquo;autres sujets de l&rsquo;actualit\u00e9 espagnole. L&rsquo;\u00e9mission est r\u00e9alis\u00e9e par les membres du Centre de Rehabilitation Psicosocial (C.R.P.S.) de Getafe, \u00e0 Madrid. Dans leur\u00a0 programme<i> <\/i>seront \u00e9galement diffus\u00e9s des contes, des audio-r\u00e9cits, de la po\u00e9sie ainsi que des musiques de leurs compositions.<\/p>\n<p style=\"font-family: Arial, Helvetica, sans-serif;font-size: 12px\">On \u00e9coutera, dans le cadre de ce partenariat, des espaces d\u00e9di\u00e9s \u00e0 la sant\u00e9 mentale qu&rsquo;ils ont sp\u00e9cialement r\u00e9alis\u00e9s pour Radio Alma. Dans cette premi\u00e8re \u00e9mission on nous parlera du \u201cFlash Mob\u201d qu&rsquo;ils ont fait en collaboration avec le CRPS de \u201cLos C\u00e1rmenes\u201d et d&rsquo; autres CRPS de la r\u00e9gion de Madrid. Il s&rsquo;agit d&rsquo;un enregistrement musical festif, cr\u00e9\u00e9 pour lutter contre le stigmatisation sociale associ\u00e9e \u00e0 la sant\u00e9 mentale: \u201cUna mirada diferente\u201d (un regard diff\u00e9rent), que vous pouvez visualiser sur youtube.<\/p>\n<p style=\"font-family: Arial, Helvetica, sans-serif;font-size: 12px\">La deuxi\u00e8me partie du programme nous invite \u00e0 la r\u00e9flexion avec \u201cLo m\u00e1s recomendable de frecuencia favorable\u201d; c&rsquo;est une section fixe o\u00f9 chaque s\u00e9main un avis sera donn\u00e9 sur des th\u00e8mes vari\u00e9es.<\/p>\n<p style=\"font-family: Arial, Helvetica, sans-serif;font-size: 12px\">L&rsquo; \u00e9quipe nous raconte aussi comment la radio les aide dans leur quotidien: \u201cFrecuencia Favorable\u201d leur donne la possibilit\u00e9 de s&rsquo; exprimer librement, de sensibiliser la societ\u00e9 sur la sant\u00e9 mentale, ainsi que de se divertir \u00e0 faire ce qu&rsquo; ils aiment le plus: la radio.<\/p>\n<p style=\"font-family: Arial, Helvetica, sans-serif;font-size: 12px\">On l&rsquo; \u00e9coute:<\/p>\n<p style=\"font-family: Arial, Helvetica, sans-serif;font-size: 12px;text-align: center\">\u00a0 \u00a0 \u00a0 \u00a0 \u00a0 \u00a0 <strong>((\u00a0<\/strong><b>\u00c9MISSION ))<\/b><\/p>\n<p style=\"font-family: Arial, Helvetica, sans-serif;font-size: 12px\"><b>\u00a0<\/b><\/p>\n<p style=\"font-family: Arial, Helvetica, sans-serif;font-size: 12px\">On finit cette \u00e9mission avec un blues de Antonio Garcia Duran, qui est une des colaborateurs de Frecuencia Favorable. Cette pi\u00e8ce a \u00e9t\u00e9 sp\u00e9cialement cr\u00e9\u00e9e pour les indicatifs d&rsquo;ouverture et fermeture de l&rsquo;\u00e9mission.<\/p>\n<p style=\"font-family: Arial, Helvetica, sans-serif;font-size: 12px\">\u201cFrecuencia Favorable\u201d est diffus\u00e9e sur Radio Ritmo, une radio social et libre de Getafe qui depuis 1991 pr\u00e9tends rapprocher les micros \u00e0 tous les personnes et collectifs qui sont exclus des grands m\u00e9dias. Radio Ritmo \u00e0 une grille de programmation tr\u00e8s vari\u00e9e avec un contenu social, politique et \u00e9ducatif marqu\u00e9. Son but est d&rsquo;offrir une programation alternative et pousser les gens \u00e0 d\u00e9velopper leur cr\u00e9ativit\u00e9 \u00e0 travers ses ateliers radio.<\/p>\n<p style=\"font-family: Arial, Helvetica, sans-serif;font-size: 12px\">L&rsquo; \u00e9quipe de Frecuencia Favorable se compose de 10 persones qui ont progressivement appris \u00e0 g\u00e9rer leur \u00e9mission, avec le soutien des professionnels techniques. Ils ont cet atelier de radio depuis 2000, mais ce n&rsquo; est que en 2009 qu&rsquo;ils ont commenc\u00e9 \u00e0 \u00e9mmetre en direct. Avec Frecuencia Favorable, l&rsquo;\u00e9quipe am\u00e9liore leurs aptitudes et savoir faire personnels, et cherche \u00e0 se faire connaitre comme des personnes parfaitement int\u00e9gr\u00e9es dans la societ\u00e9. C&rsquo; est aussi par cette voie qu&rsquo; ils favorisent une meilleure int\u00e9gration sociale au niveau de leur quartier.<\/p>\n<p style=\"font-family: Arial, Helvetica, sans-serif;font-size: 12px\">Vous pouvez suivre leurs \u00e9missions en directe tous les mercredis de 12 \u00e0 13h \u00e0 Radio Ritmo, dans le 99.9 FM de Getafe ou sur leur blog frecuenciaf.blogspot.com, ainsi qu&rsquo;au travers de leur site Internet \u00e0 <a href=\"http:\/\/www.radioritmo.org\/\">www.radioritmo.org<\/a><\/p>\n<p style=\"font-family: Arial, Helvetica, sans-serif;font-size: 12px\">La prochaine \u00e9mission parlera de la BD \u201cUna historia sobre Luis\u201d, qui a pour objectif de nous sensibiliser sur des probl\u00e8mes psyquiatriques er sur la sant\u00e9 mentale. On restera \u00e0 l&rsquo;\u00e9coute!<\/p>\n<p style=\"font-family: Arial, Helvetica, sans-serif;font-size: 12px\">Pour voir la vid\u00e9o du \u00ab\u00a0FLASH MOB\u00a0\u00bb, <a href=\"http:\/\/www.youtube.com\/watch?v=qI8jVYl5dlA\">cliquez ici<\/a><\/p>\n<p style=\"font-family: Arial, Helvetica, sans-serif;font-size: 12px\">\n<p style=\"font-family: Arial, Helvetica, sans-serif;font-size: 12px\"><a href=\"http:\/\/radioalma.eu\/horizonte\/files\/2013\/03\/Frecuencia-Favorable.jpg\"><img fetchpriority=\"high\" decoding=\"async\" class=\"aligncenter size-full wp-image-135\" alt=\"\" src=\"http:\/\/radioalma.eu\/horizonte\/files\/2013\/03\/Frecuencia-Favorable.jpg\" width=\"850\" height=\"180\" srcset=\"https:\/\/radioalma.eu\/horizonte\/files\/2013\/03\/Frecuencia-Favorable.jpg 850w, https:\/\/radioalma.eu\/horizonte\/files\/2013\/03\/Frecuencia-Favorable-300x63.jpg 300w\" sizes=\"(max-width: 850px) 100vw, 850px\" \/><\/a><\/p>\n","protected":false},"excerpt":{"rendered":"<p>Aujourd&rsquo;hui nous vous pr\u00e9sentons l&#8217;emission \u201cFrecuencia Favorable\u201d, un programme de variet\u00e9s au format magazine qui traite diverses th\u00e9matiques: sport, politique, econom\u00ede, tauromachie et d&rsquo;autres sujets de l&rsquo;actualit\u00e9 espagnole. L&rsquo;\u00e9mission est r\u00e9alis\u00e9e par les membres du Centre de Rehabilitation Psicosocial (C.R.P.S.) de Getafe, \u00e0 Madrid. Dans leur\u00a0 programme seront \u00e9galement diffus\u00e9s&#8230;<\/p>\n","protected":false},"author":60,"featured_media":137,"comment_status":"open","ping_status":"open","sticky":false,"template":"","format":"standard","meta":{"footnotes":""},"categories":[21],"tags":[],"class_list":["post-134","post","type-post","status-publish","format-standard","has-post-thumbnail","hentry","category-deja-diffuse"],"_links":{"self":[{"href":"https:\/\/radioalma.eu\/horizonte\/wp-json\/wp\/v2\/posts\/134","targetHints":{"allow":["GET"]}}],"collection":[{"href":"https:\/\/radioalma.eu\/horizonte\/wp-json\/wp\/v2\/posts"}],"about":[{"href":"https:\/\/radioalma.eu\/horizonte\/wp-json\/wp\/v2\/types\/post"}],"author":[{"embeddable":true,"href":"https:\/\/radioalma.eu\/horizonte\/wp-json\/wp\/v2\/users\/60"}],"replies":[{"embeddable":true,"href":"https:\/\/radioalma.eu\/horizonte\/wp-json\/wp\/v2\/comments?post=134"}],"version-history":[{"count":0,"href":"https:\/\/radioalma.eu\/horizonte\/wp-json\/wp\/v2\/posts\/134\/revisions"}],"wp:featuredmedia":[{"embeddable":true,"href":"https:\/\/radioalma.eu\/horizonte\/wp-json\/wp\/v2\/media\/137"}],"wp:attachment":[{"href":"https:\/\/radioalma.eu\/horizonte\/wp-json\/wp\/v2\/media?parent=134"}],"wp:term":[{"taxonomy":"category","embeddable":true,"href":"https:\/\/radioalma.eu\/horizonte\/wp-json\/wp\/v2\/categories?post=134"},{"taxonomy":"post_tag","embeddable":true,"href":"https:\/\/radioalma.eu\/horizonte\/wp-json\/wp\/v2\/tags?post=134"}],"curies":[{"name":"wp","href":"https:\/\/api.w.org\/{rel}","templated":true}]}}