{"id":199,"date":"2013-03-26T18:30:37","date_gmt":"2013-03-26T17:30:37","guid":{"rendered":"http:\/\/radiomalva.org\/?p=10156"},"modified":"2013-03-26T18:30:37","modified_gmt":"2013-03-26T17:30:37","slug":"tunez-dia-26-foro-social-mundial-2013-cobertura-especial-radio-malva","status":"publish","type":"post","link":"https:\/\/radioalma.eu\/horizonte\/2013\/03\/26\/tunez-dia-26-foro-social-mundial-2013-cobertura-especial-radio-malva\/","title":{"rendered":"(((T\u00fanez))) Foro Social Mundial 2013 \/cobertura especial Radio Malva"},"content":{"rendered":"<p>El Foro Social Mundial tuvo su primer encuentro universal en el 2001 y entre sus prop\u00f3sitos busca el debate democr\u00e1tico de ideas, la reflexi\u00f3n, el intercambio de experiencias y la articulaci\u00f3n de los movimientos sociales, red y organizaciones no gubernamentales. Radio Malva , es uno de los pocos MEDIOS libres y autogestionados \u00a0que\u00a0est\u00e1n\u00a0realizando la cobertura [&#8230;]<img decoding=\"async\" alt=\"\" border=\"0\" src=\"http:\/\/stats.wordpress.com\/b.gif?host=radiomalva.org&#038;blog=150757&#038;%23038;post=10156&#038;%23038;subd=radiomalva&#038;%23038;ref=&#038;%23038;feed=1\" width=\"1\" height=\"1\" \/><\/p>\n","protected":false},"excerpt":{"rendered":"<p>El Foro Social Mundial tuvo su primer encuentro universal en el 2001 y entre sus prop&oacute;sitos busca el debate democr&aacute;tico de ideas, la reflexi&oacute;n, el intercambio de experiencias y la articulaci&oacute;n de los movimientos sociales, red y organizaciones no gubernamentales. Radio Malva , es uno de los pocos MEDIOS libres y autogestionados &nbsp;que&nbsp;est&aacute;n&nbsp;realizando la cobertura [&#8230;]<img decoding=\"async\" alt=\"\" border=\"0\" src=\"http:\/\/stats.wordpress.com\/b.gif?host=radiomalva.org&amp;blog=150757&amp;post=10156&amp;subd=radiomalva&amp;ref=&amp;feed=1\" width=\"1\" height=\"1\"><\/p>\n","protected":false},"author":61,"featured_media":0,"comment_status":"closed","ping_status":"closed","sticky":false,"template":"","format":"standard","meta":{"footnotes":""},"categories":[31],"tags":[],"class_list":["post-199","post","type-post","status-publish","format-standard","hentry","category-fils-rss"],"_links":{"self":[{"href":"https:\/\/radioalma.eu\/horizonte\/wp-json\/wp\/v2\/posts\/199","targetHints":{"allow":["GET"]}}],"collection":[{"href":"https:\/\/radioalma.eu\/horizonte\/wp-json\/wp\/v2\/posts"}],"about":[{"href":"https:\/\/radioalma.eu\/horizonte\/wp-json\/wp\/v2\/types\/post"}],"author":[{"embeddable":true,"href":"https:\/\/radioalma.eu\/horizonte\/wp-json\/wp\/v2\/users\/61"}],"replies":[{"embeddable":true,"href":"https:\/\/radioalma.eu\/horizonte\/wp-json\/wp\/v2\/comments?post=199"}],"version-history":[{"count":0,"href":"https:\/\/radioalma.eu\/horizonte\/wp-json\/wp\/v2\/posts\/199\/revisions"}],"wp:attachment":[{"href":"https:\/\/radioalma.eu\/horizonte\/wp-json\/wp\/v2\/media?parent=199"}],"wp:term":[{"taxonomy":"category","embeddable":true,"href":"https:\/\/radioalma.eu\/horizonte\/wp-json\/wp\/v2\/categories?post=199"},{"taxonomy":"post_tag","embeddable":true,"href":"https:\/\/radioalma.eu\/horizonte\/wp-json\/wp\/v2\/tags?post=199"}],"curies":[{"name":"wp","href":"https:\/\/api.w.org\/{rel}","templated":true}]}}