{"id":20,"date":"2013-03-22T12:10:59","date_gmt":"2013-03-22T11:10:59","guid":{"rendered":"http:\/\/radioalma.eu\/horizonte\/?p=20"},"modified":"2013-03-28T13:01:10","modified_gmt":"2013-03-28T12:01:10","slug":"primer-programa-de-en-clave-de-sexo-un-acercamiento-a-la-sexualidad","status":"publish","type":"post","link":"https:\/\/radioalma.eu\/horizonte\/2013\/03\/22\/primer-programa-de-en-clave-de-sexo-un-acercamiento-a-la-sexualidad\/","title":{"rendered":"Primer programa de \u00ab\u00a0En clave de sexo\u00a0\u00bb: un acercamiento a la sexualidad"},"content":{"rendered":"<p align=\"JUSTIFY\"><span style=\"font-family: Arial,sans-serif;font-size: medium\">Nous sommes des \u00eatres sexu\u00e9s: de la naissance jusqu\u2019\u00e0 notre mort, la sexualit\u00e9 influe sur toutes les facettes de notre vie. Mais, pourquoi hommes et femmes ne per\u00e7oivent pas la sexualit\u00e9 d\u2019une m\u00eame fa\u00e7on? M\u00eame s\u2019il y a des diff\u00e9rences biologiques, c\u2019est l\u2019\u00e9ducation re\u00e7ue qui d\u00e9termine notre conduite \u00e9rotique. <\/span><\/p>\n<p align=\"JUSTIFY\"><span style=\"font-size: medium\">\u00a0<\/span><\/p>\n<p align=\"JUSTIFY\"><span style=\"font-family: Arial,sans-serif;font-size: medium\">Apr\u00e8s cette introduction allons \u00e9couter \u00abEn clave de sexo\u00bb, une \u00e9mission sur l\u2019\u00e9ducation sexuelle de Radio Enlace de Madrid. Dans la premi\u00e8re \u00e9mission, sa conductrice et pr\u00e9sentatrice, Fatima Magro, parle de la sexualit\u00e9 f\u00e9minine, un sujet qui pendant longtemps a \u00e9t\u00e9 consid\u00e9r\u00e9 comme \u00abtabou\u00bb. Apr\u00e8s un parcours, sur les \u00e9tapes de la sexualit\u00e9 humaine, on fait une analyse qui mettra \u00e0 mal les st\u00e9r\u00e9otypes et abordera d&rsquo;un regard critique l\u2019\u00e9ducation re\u00e7ue sur la mati\u00e8re. L\u2019\u00e9mission culminera avec un commentaire o\u00f9 on d\u00e9montera les mythes les plus enracin\u00e9s dans la soci\u00e9t\u00e9. <\/span><\/p>\n<p align=\"JUSTIFY\"><span style=\"font-size: medium\">\u00a0<\/span><\/p>\n<p align=\"JUSTIFY\"><span style=\"font-family: Arial,sans-serif;font-size: medium\">F\u00e1tima Magro est travailleuse sociale et experte en \u00e9ducation sexuelle et \u00e9galit\u00e9. Cette \u00e9mission bimensuelle, fait partie de \u00abMujeres en las ondas\u00bb, un projet qui pr\u00e9tends instruire sur l\u2019\u00e9galit\u00e9 d\u2019opportunit\u00e9s dans le sexe. Dans ce contexte, chaque \u00e9mission traite d&rsquo;une mani\u00e8re didactique et am\u00e8ne un sujet concret, et toujours du point de vue f\u00e9minin. <\/span><\/p>\n<p align=\"JUSTIFY\"><span style=\"font-size: medium\">\u00a0<\/span><\/p>\n<p align=\"JUSTIFY\"><span style=\"font-family: Arial,sans-serif;font-size: medium\">La sexualit\u00e9, est elle inn\u00e9e ou se construit elle? On l\u2019\u00e9coute. <\/span><\/p>\n<p align=\"JUSTIFY\"><span style=\"font-size: medium\">\u00a0 <\/span><\/p>\n<p style=\"text-align: center\" align=\"JUSTIFY\"><span style=\"font-family: Arial,sans-serif;font-size: medium\"> (( \u00c9MISSION ))<\/span><\/p>\n<p align=\"JUSTIFY\"><span style=\"font-size: medium\">\u00a0<\/span><\/p>\n<p align=\"JUSTIFY\"><span style=\"font-size: medium\">\u00a0<span style=\"font-family: Arial,sans-serif\">\u00abEn clave de sexo\u00bb, c\u2019est une \u00e9mission de Radio Enlace, une association culturelle que, depuis 1989, organise des activit\u00e9s musicales, radiophoniques et th\u00e9\u00e2trales pour la communaut\u00e9 des voisins du district de Hortaleza, \u00e0 Madrid. Sa programmation a pour objectifs de servir sa communaut\u00e9 et refl\u00e8te d\u2019une mani\u00e8re utile et \u00e9quilibr\u00e9e la r\u00e9alit\u00e9 locale. Radio Enlace fonctionne gr\u00e2ce \u00e0 la participation des b\u00e9n\u00e9voles, et comme radio associative, revendique un usage social et participatif des m\u00e9dias.<\/span><\/span><\/p>\n<p align=\"JUSTIFY\"><span style=\"font-family: Arial,sans-serif;font-size: medium\">Ce programme surgit de l\u2019initiative de F\u00e1tima Magro, qui voulait pallier aux carences, mythes et aprioris qui existent autour du sexe. Bien que bombard\u00e9s par une publicit\u00e9 toujours plus sexualis\u00e9e, paradoxalement notre soci\u00e9t\u00e9 parle tr\u00e8s peu du sexe, et quand elle le fait, ce n\u00b4est pas \u00e0 des fins p\u00e9dagogiques. L\u2019objectif de \u00ab\u00a0En clave de sexo\u00a0\u00bb, est de d\u00e9sapprendre la rigidit\u00e9 de notre \u00e9ducation sexuelle, et de d\u00e9couvrir par nous-m\u00eames ce que la soci\u00e9t\u00e9 a voulu \u00e9touffer.<\/span><\/p>\n<p><span style=\"font-size: medium\">\u00a0<\/span><\/p>\n<p><span style=\"font-family: Arial,sans-serif;font-size: medium\">Radio Enlace croit qu\u2019une vision positive, juste et \u00e9galitaire de la sexualit\u00e9, aidera la soci\u00e9t\u00e9 \u00e0 mieux se conna\u00eetre, \u00e0 \u00e9liminer ces aprioris et \u00e0 d\u00e9velopper une sexualit\u00e9 \u00e9panouie. Dans les propres mots de Radio Enlace: \u00ab\u00a0la sant\u00e9 sexuelle est un droit, et pour cela, ce programme va aider \u00e0 un grand nombre de gens\u00a0\u00bb. <\/span><\/p>\n<p lang=\"es-ES\" align=\"JUSTIFY\"><span style=\"font-size: medium\">\u00a0<\/span><\/p>\n<p align=\"JUSTIFY\"><span style=\"font-family: Arial,sans-serif;font-size: medium\">Dans la prochaine \u00e9mission Fatima nous parlera du \u00abclitoris, ce grand inconnu\u00bb<\/span><\/p>\n<p align=\"JUSTIFY\"><span style=\"font-family: Arial,sans-serif;font-size: medium\">A ne pas manquer!<\/span><\/p>\n<p align=\"JUSTIFY\"><span style=\"font-size: medium\">\u00a0<a href=\"http:\/\/radioalma.eu\/horizonte\/files\/2013\/03\/Logo-En-clave-de-sexo.jpg\"><img fetchpriority=\"high\" decoding=\"async\" class=\"aligncenter size-full wp-image-25\" alt=\"\" src=\"http:\/\/radioalma.eu\/horizonte\/files\/2013\/03\/Logo-En-clave-de-sexo.jpg\" width=\"496\" height=\"374\" \/><\/a><\/span><\/p>\n<div>\u00a0<span style=\"font-size: medium\"><a href=\"http:\/\/radioalma.eu\/horizonte\/files\/2013\/03\/Logo-Radio-Enlace-Completo.jpg\"><img decoding=\"async\" class=\"aligncenter\" alt=\"\" src=\"http:\/\/radioalma.eu\/horizonte\/files\/2013\/03\/Logo-Radio-Enlace-Completo.jpg\" width=\"292\" height=\"386\" \/><\/a><\/span><\/div>\n<div><\/div>\n<div><\/div>\n<div>\n<p lang=\"es-ES\" style=\"text-align: justify\" align=\"CENTER\"><span style=\"color: #000000\">\u00a0<\/span><\/p>\n<p lang=\"es-ES\" style=\"text-align: justify\"><span style=\"font-family: Arial,sans-serif;font-size: medium;color: #000000\">Somos seres sexuados: desde que nacemos hasta que morimos, la sexualidad influye en todas las facetas de nuestra vida. Pero, \u00bfpor qu\u00e9 hombres y mujeres no percibimos la sexualidad del mismo modo? Si bien es cierto que entre ambos existen diferencias biol\u00f3gicas, la educaci\u00f3n recibida tiene un papel determinante en nuestra conducta er\u00f3tica. <\/span><\/p>\n<p lang=\"es-ES\" style=\"text-align: justify\"><span style=\"font-size: medium;color: #000000\">\u00a0<\/span><\/p>\n<p lang=\"es-ES\" style=\"text-align: justify\"><span style=\"font-family: Arial,sans-serif;font-size: medium;color: #000000\">Hoy presentamos \u00abEn clave de sexo\u00bb, una emisi\u00f3n sobre educaci\u00f3n sexual que nos env\u00eda la madrile\u00f1a Radio Enlace. En el primer programa, su conductora y presentadora, F\u00e1tima Magro, habla de la sexualidad femenina, un tema que durante mucho tiempo se ha considerado \u00abtab\u00fa\u00bb. Tras recorrer las etapas de la sexualidad humana, hace un an\u00e1lisis en el que rompe los estereotipos y lanza una mirada cr\u00edtica sobre la educaci\u00f3n recibida. El programa culmina con una tertulia en la que se desmontan los mitos m\u00e1s arraigados en nuestra sociedad. <\/span><\/p>\n<p lang=\"es-ES\" style=\"text-align: justify\"><span style=\"font-size: medium;color: #000000\">\u00a0<\/span><\/p>\n<p lang=\"es-ES\" style=\"text-align: justify\"><span style=\"font-family: Arial,sans-serif;font-size: medium;color: #000000\">F\u00e1tima Magro, es trabajadora social y experta en educaci\u00f3n sexual e igualdad. Esta emisi\u00f3n quincenal, que se estren\u00f3 el 23 de enero, forma parte de \u00abMujeres en las Ondas\u00bb, un proyecto que pretende concienciar al ciudadano sobre la igualdad de oportunidades en el sexo. Cada programa tratar\u00e1, de forma did\u00e1ctica y amena, un tema concreto, siempre desde una perspectiva femenina. <\/span><\/p>\n<p lang=\"es-ES\" style=\"text-align: justify\"><span style=\"font-size: medium;color: #000000\">\u00a0<\/span><\/p>\n<p lang=\"es-ES\" style=\"text-align: justify\"><span style=\"font-family: Arial,sans-serif;font-size: medium;color: #000000\">La sexualidad, \u00bfnace o se hace? Lo escuchamos. <\/span><\/p>\n<p lang=\"es-ES\" style=\"text-align: justify\"><span style=\"font-size: medium;color: #000000\">\u00a0<\/span><\/p>\n<p lang=\"es-ES\" style=\"text-align: center\"><span style=\"font-family: Arial,sans-serif;font-size: medium;color: #000000\"><strong>(( EMISI\u00d3N ))<\/strong><br \/>\n<\/span><\/p>\n<p lang=\"es-ES\" style=\"text-align: justify\"><span style=\"font-size: medium;color: #000000\">\u00a0<\/span><\/p>\n<p lang=\"es-ES\" style=\"text-align: justify\"><span style=\"font-family: Arial,sans-serif;font-size: medium;color: #000000\">\u00abEn clave de sexo\u00bb se emite en Radio Enlace, una asociaci\u00f3n cultural que desde 1989 organiza actividades musicales, radiof\u00f3nicas y de teatro con los vecinos del distrito de Hortaleza, en Madrid. Radio Enlace funciona gracias a la participaci\u00f3n de los voluntarios. Como radio comunitaria, reivindica el uso social de los medios de comunicaci\u00f3n y pretende ser un reflejo equilibrado de la sociedad en la que vivimos. <\/span><\/p>\n<p lang=\"es-ES\" style=\"text-align: justify\"><span style=\"font-size: medium;color: #000000\">\u00a0<\/span><\/p>\n<p style=\"text-align: justify\"><span style=\"font-family: Arial,sans-serif;font-size: medium;color: #000000\">Este programa surge por iniciativa de F\u00e1tima Magro, con la intenci\u00f3n de paliar las carencias, mitos, y prejuicios que existen en torno al sexo. Aunque estamos bombardeados por una publicidad sexual, parad\u00f3jicamente en nuestra sociedad se habla muy poco de sexo, y cuando se habla, no se hace para educar. As\u00ed, el objetivo de \u201cEn Clave de Sexo\u00bb es desaprender la rigidez con la que nos han \u00ab\u00a0educado\u00a0\u00bb sexualmente, y descubrir lo que la sociedad nos ha ocultado y silenciado. <\/span><\/p>\n<p style=\"text-align: justify\"><span style=\"font-size: medium;color: #000000\">\u00a0<\/span><\/p>\n<p style=\"text-align: justify\"><span style=\"font-family: Arial,sans-serif;font-size: medium;color: #000000\">En Radio Enlace creen que una visi\u00f3n positiva, justa e igualitaria de la sexualidad, ayudar\u00e1 a la sociedad a conocerse mejor, a eliminar esos prejuicios y a desarrollar su sexualidad de manera que resulte satisfactoria. Como ellos mismos dicen, \u201cla Salud Sexual es un derecho, y por ello creemos que este programa puede ser ayudar a muchas personas\u201d. <\/span><\/p>\n<p lang=\"es-ES\" style=\"text-align: justify\"><span style=\"font-size: medium;color: #000000\">\u00a0<\/span><\/p>\n<p lang=\"es-ES\" style=\"text-align: justify\"><span style=\"font-family: Lucida Grande,Times New Roman,serif;font-size: medium;color: #000000\"><span style=\"font-family: Arial,sans-serif\">En el pr\u00f3ximo programa, F\u00e1tima nos hablar\u00e1 del cl\u00edtoris, \u00abese gran desconocido\u00bb. <\/span><\/span><\/p>\n<p lang=\"es-ES\" style=\"text-align: justify\"><span style=\"font-family: Lucida Grande,Times New Roman,serif;font-size: medium;color: #000000\"><span style=\"font-family: Arial,sans-serif\">No os lo perd\u00e1is.<\/span><\/span><\/p>\n<\/div>\n<div style=\"text-align: justify\"><\/div>\n<div style=\"text-align: justify\"><\/div>\n<div style=\"text-align: justify\"><\/div>\n","protected":false},"excerpt":{"rendered":"<p>Nous sommes des \u00eatres sexu\u00e9s: de la naissance jusqu\u2019\u00e0 notre mort, la sexualit\u00e9 influe sur toutes les facettes de notre vie. Mais, pourquoi hommes et femmes ne per\u00e7oivent pas la sexualit\u00e9 d\u2019une m\u00eame fa\u00e7on? M\u00eame s\u2019il y a des diff\u00e9rences biologiques, c\u2019est l\u2019\u00e9ducation re\u00e7ue qui d\u00e9termine notre conduite \u00e9rotique. \u00a0&#8230;<\/p>\n","protected":false},"author":60,"featured_media":25,"comment_status":"open","ping_status":"open","sticky":false,"template":"","format":"standard","meta":{"footnotes":""},"categories":[21],"tags":[59,35,36,55],"class_list":["post-20","post","type-post","status-publish","format-standard","has-post-thumbnail","hentry","category-deja-diffuse","tag-introduction","tag-sexo","tag-sexualidad","tag-sexualite"],"_links":{"self":[{"href":"https:\/\/radioalma.eu\/horizonte\/wp-json\/wp\/v2\/posts\/20","targetHints":{"allow":["GET"]}}],"collection":[{"href":"https:\/\/radioalma.eu\/horizonte\/wp-json\/wp\/v2\/posts"}],"about":[{"href":"https:\/\/radioalma.eu\/horizonte\/wp-json\/wp\/v2\/types\/post"}],"author":[{"embeddable":true,"href":"https:\/\/radioalma.eu\/horizonte\/wp-json\/wp\/v2\/users\/60"}],"replies":[{"embeddable":true,"href":"https:\/\/radioalma.eu\/horizonte\/wp-json\/wp\/v2\/comments?post=20"}],"version-history":[{"count":0,"href":"https:\/\/radioalma.eu\/horizonte\/wp-json\/wp\/v2\/posts\/20\/revisions"}],"wp:featuredmedia":[{"embeddable":true,"href":"https:\/\/radioalma.eu\/horizonte\/wp-json\/wp\/v2\/media\/25"}],"wp:attachment":[{"href":"https:\/\/radioalma.eu\/horizonte\/wp-json\/wp\/v2\/media?parent=20"}],"wp:term":[{"taxonomy":"category","embeddable":true,"href":"https:\/\/radioalma.eu\/horizonte\/wp-json\/wp\/v2\/categories?post=20"},{"taxonomy":"post_tag","embeddable":true,"href":"https:\/\/radioalma.eu\/horizonte\/wp-json\/wp\/v2\/tags?post=20"}],"curies":[{"name":"wp","href":"https:\/\/api.w.org\/{rel}","templated":true}]}}