{"id":211,"date":"2013-03-27T09:29:15","date_gmt":"2013-03-27T08:29:15","guid":{"rendered":"http:\/\/radioalma.eu\/horizonte\/?p=211"},"modified":"2013-03-28T13:03:56","modified_gmt":"2013-03-28T12:03:56","slug":"mandanga-sonora-2-la-clase-obrera-no-va-al-paraiso","status":"publish","type":"post","link":"https:\/\/radioalma.eu\/horizonte\/2013\/03\/27\/mandanga-sonora-2-la-clase-obrera-no-va-al-paraiso\/","title":{"rendered":"Mandanga sonora 2: \u00ab\u00a0La clase obrera no va al para\u00edso\u00a0\u00bb"},"content":{"rendered":"<p style=\"text-align: justify;\"><a href=\"http:\/\/radioalma.eu\/horizonte\/files\/2013\/03\/mandanga-sonora-6.jpg\"><img decoding=\"async\" class=\"aligncenter size-full wp-image-92\" style=\"float: right; margin-left: 15px; margin-right: 15px;\" alt=\"\" src=\"http:\/\/radioalma.eu\/horizonte\/files\/2013\/03\/mandanga-sonora-6.jpg\" width=\"300\" height=\"135\" \/><\/a><\/p>\n<p style=\"text-align: justify;\"><span style=\"color: #000000;\">Nous allons \u00e9couter dans cet espace, une nouvelle \u00e9mission de \u00abMandanga sonora\u00bb. Des audio-collages avec un fort contenu revendicatif. \u00abLa clase obrera no va al para\u00edso\u00bb (\u00abLa classe ouvri\u00e8re ne va pas au paradis\u00bb, refl\u00e8te l&rsquo;indiff\u00e9rence du politique face aux probl\u00e8mes de la soci\u00e9t\u00e9 espagnole, qui souffre les cons\u00e9quences d&rsquo;une crise qu&rsquo;elle n&rsquo;a pas provoqu\u00e9e.<\/span><\/p>\n<p>&nbsp;<\/p>\n<p><span style=\"color: #000000;\">La Radio Malva de Valence, nous pr\u00e9sente une \u00e9mission acide, critique o\u00f9 l\u2019on oppose les d\u00e9clarations du politique avec les faits de la vie r\u00e9elle. Comme dans l&rsquo;ant\u00e9rieure \u00ab\u00a0mandanga\u00a0\u00bb, la musique a un r\u00f4le fondamental, compl\u00e9mentaire aux contenus de l\u2019\u00e9mission.<\/span><\/p>\n<p style=\"text-align: justify;\"><span style=\"color: #000000;\">Les sons, mots et d\u00e9coupes, associ\u00e9s sans apparente harmonie, forment un \u00abtout\u00bb avec une signification qui leur est propre. Radio Malva travaille le son comme de la musique, et d&rsquo;une mani\u00e8re tr\u00e8s peu conventionnelle. Les d\u00e9coupes sonores ne poss\u00e8dent aucune information d\u00e9taill\u00e9e ni sp\u00e9cifique car elles ne pr\u00e9tendent pas \u00eatre informatives, mais artistiques. De cette mani\u00e8re, c&rsquo;est \u00e0 l&rsquo;auditeur de finir l\u2019\u0153uvre avec une \u00e9coute active. Montage artistique connu sous l\u2019appellation \u00abinstallation sonore\u00bb et il s&rsquo;agit de poser des \u00e9l\u00e9ments audio dans des lieux sp\u00e9cifiques choisis par l&rsquo;artiste.<\/span><\/p>\n<p style=\"text-align: justify;\">\u00a0<\/p>\n<p style=\"text-align: justify;\"><span style=\"color: #000000;\">L&rsquo;\u00e9mission est pr\u00e9sent\u00e9e comme un \u00abaudio-collage\u00bb, o\u00f9 chaque semaine on d\u00e9coupe les contenus qui sont pass\u00e9s \u00e0 l&rsquo;antenne. DJ Nacho, de Radio Malva, r\u00e9alise un travail de synth\u00e8se o\u00f9 les paroles des chansons font partie de la critique sociale que r\u00e9alise cette \u00e9mission, et qui contredisent le contenu des d\u00e9coupes sonores s\u00e9lectionn\u00e9es. Aussi, les divergences entre ce que l&rsquo;on dit et ce qui se passe dans la vraie vie, suscite un sourire ironique chez l&rsquo;auditeur.<\/span><\/p>\n<p style=\"text-align: justify;\"><span style=\"color: #000000;\">Les probl\u00e8mes des expulsions des locataires<i> (desahucios),<\/i> la corruption politique et la reforme du article 318.bis du code p\u00e9nal espagnol (selon laquelle, pr\u00eater une aide humanitaire aux \u00absans papiers\u00bb peut \u00eatre constitutif de d\u00e9lit) sont quelques-uns des sujets qu&rsquo;on traite cette semaine.<\/span><\/p>\n<p style=\"text-align: justify;\"><span style=\"color: #000000;\">Bonne \u00e9coute!<\/span><\/p>\n<p>&nbsp;<\/p>\n<p style=\"text-align: center;\"><span style=\"color: #000000;\"><b>(( \u00c9MISSION )) <\/b><br \/>\n<\/span><\/p>\n<p><span style=\"color: #000000;\">Avec cette \u00e9mission, on cherche \u00e0 mobiliser les gens, \u00e0 les faire r\u00e9agir face \u00e0 l&rsquo;actualit\u00e9 politique et social espagnole. Mais aussi elle a un but artistique et ludique. DJ Nacho, de Radio Malva, fait un montage dynamique o\u00f9 chaque pi\u00e8ce s&rsquo;ajuste parfaitement. Ces \u00abmandangas sonoras\u00bb, expriment la richesse et diversit\u00e9 de contenus, qui chaque semaine cohabitent sur Radio Malva.<\/span><\/p>\n<p>&nbsp;<\/p>\n<p><span style=\"color: #000000;\">Radio Malva est une radio de quartier qui \u00e9met sur le 104.9FM des Poblados Mar\u00edtimos de Valence, o\u00f9 elle recueille les t\u00e9moignages de ses citoyens. Cet espace de rencontres h\u00e9t\u00e9roclites a comme source d\u2019inspiration la vie du quartier. D&rsquo;autre part, elle a toujours fonctionn\u00e9 comme un espace de libre expression et comme un collectif social engag\u00e9 dans les probl\u00e8mes de sa ville, Valence, et sp\u00e9cialement dans la lutte contre la sp\u00e9culation et l&rsquo;abandon qui d\u00e9truit le quartier Mar\u00edtimo valencien (El Cabanyal y la Malvarrosa).<\/span><\/p>\n<p>&nbsp;<\/p>\n<p><span style=\"color: #000000;\">Vous \u00e9coutez cette \u00e9mission dans le cadre de Projet Horizon, un partenariat o\u00f9 Radio Alma a pour objectif la promotion de la richesse et de la diversit\u00e9 socioculturelle des radios associatives en espagnol qui existent dans le monde. Nous remercions Radio Malva pour cette collaboration hebdomadaire et aux diff\u00e9rents collaborateurs qui contribuent \u00e0 la r\u00e9alisation de cette s\u00e9rie d\u2019\u00e9missions.\u00a0 Avec le voix de Irene Quintela, le support linguistique de Jos\u00e9 Martinez y Ferreira et la r\u00e9daction de Paloma F\u00e1bregas. <i><br \/>\n<\/i><\/span><\/p>\n<p>&nbsp;<\/p>\n<p><span style=\"color: #000000;\">Pour r\u00e9\u00e9couter l&rsquo;\u00e9mission de \u00abMandanga sonora\u00bb, pous pouvez vous diriger vers <span style=\"color: #800080;\"><a href=\"http:\/\/mandangasonora.blogspot.be\/\" target=\"_blank\"><span style=\"color: #800080;\">http:\/\/mandangasonora.blogspot.be<\/span><\/a><\/span>, ainsi que sur notre blog, Proyecto Horizonte, \u00e0 <span style=\"background-color: #ffffff; color: #800080;\"><a href=\"http:\/\/www.radioalma.eu\/\" target=\"_blank\"><span style=\"color: #800080; background-color: #ffffff;\">www.radioalma.eu<\/span><\/a><\/span>. Vos critiques et suggestions sont les bienvenus.<\/span><\/p>\n<p><a href=\"http:\/\/radioalma.eu\/horizonte\/files\/2013\/03\/Mandanga-sonora1.jpg\"><img decoding=\"async\" class=\"aligncenter size-full wp-image-93\" alt=\"\" src=\"http:\/\/radioalma.eu\/horizonte\/files\/2013\/03\/Mandanga-sonora1.jpg\" width=\"200\" height=\"151\" \/><\/a><\/p>\n","protected":false},"excerpt":{"rendered":"<p>Nous allons \u00e9couter dans cet espace, une nouvelle \u00e9mission de \u00abMandanga sonora\u00bb. Des audio-collages avec un fort contenu revendicatif. \u00abLa clase obrera no va al para\u00edso\u00bb (\u00abLa classe ouvri\u00e8re ne va pas au paradis\u00bb, refl\u00e8te l&rsquo;indiff\u00e9rence du politique face aux probl\u00e8mes de la soci\u00e9t\u00e9 espagnole, qui souffre les cons\u00e9quences d&rsquo;une&#8230;<\/p>\n","protected":false},"author":60,"featured_media":0,"comment_status":"open","ping_status":"open","sticky":false,"template":"","format":"standard","meta":{"footnotes":""},"categories":[17],"tags":[47,48,46],"class_list":["post-211","post","type-post","status-publish","format-standard","hentry","category-en-cours","tag-aide-humanitaire","tag-expulsions-des-locataires","tag-mandanga-sonora"],"_links":{"self":[{"href":"https:\/\/radioalma.eu\/horizonte\/wp-json\/wp\/v2\/posts\/211","targetHints":{"allow":["GET"]}}],"collection":[{"href":"https:\/\/radioalma.eu\/horizonte\/wp-json\/wp\/v2\/posts"}],"about":[{"href":"https:\/\/radioalma.eu\/horizonte\/wp-json\/wp\/v2\/types\/post"}],"author":[{"embeddable":true,"href":"https:\/\/radioalma.eu\/horizonte\/wp-json\/wp\/v2\/users\/60"}],"replies":[{"embeddable":true,"href":"https:\/\/radioalma.eu\/horizonte\/wp-json\/wp\/v2\/comments?post=211"}],"version-history":[{"count":0,"href":"https:\/\/radioalma.eu\/horizonte\/wp-json\/wp\/v2\/posts\/211\/revisions"}],"wp:attachment":[{"href":"https:\/\/radioalma.eu\/horizonte\/wp-json\/wp\/v2\/media?parent=211"}],"wp:term":[{"taxonomy":"category","embeddable":true,"href":"https:\/\/radioalma.eu\/horizonte\/wp-json\/wp\/v2\/categories?post=211"},{"taxonomy":"post_tag","embeddable":true,"href":"https:\/\/radioalma.eu\/horizonte\/wp-json\/wp\/v2\/tags?post=211"}],"curies":[{"name":"wp","href":"https:\/\/api.w.org\/{rel}","templated":true}]}}