{"id":216,"date":"2013-03-27T09:41:45","date_gmt":"2013-03-27T08:41:45","guid":{"rendered":"http:\/\/radioalma.eu\/horizonte\/?p=216"},"modified":"2013-04-24T09:28:36","modified_gmt":"2013-04-24T08:28:36","slug":"cuentanos-un-dia-de-tu-trabajo-deuxieme-emission-de-radio-solidaria-amiga-online","status":"publish","type":"post","link":"https:\/\/radioalma.eu\/horizonte\/2013\/03\/27\/cuentanos-un-dia-de-tu-trabajo-deuxieme-emission-de-radio-solidaria-amiga-online\/","title":{"rendered":"\u00ab\u00a0Cu\u00e9ntanos un d\u00eda de tu trabajo\u00a0\u00bb, deuxi\u00e8me \u00e9mission de Radio Solidaria Amiga Online"},"content":{"rendered":"<p style=\"font-family: Arial,Helvetica,sans-serif;font-size: 12px\" align=\"JUSTIFY\"><span style=\"color: #000000;font-size: medium\"><strong>Radio Solidaria Amiga Online<\/strong> est une radio d&rsquo;\u00e9cole r\u00e9alis\u00e9e par les \u00e9l\u00e8ves de l&rsquo;\u00e9cole primaire \u00abEl Murtal\u00bb avec l&rsquo;aide de leurs professeurs, ainsi que de la fondatrice et directrice de la station : Magdalena Galiana Lloret.<\/span><\/p>\n<p style=\"font-family: Arial,Helvetica,sans-serif;font-size: 12px\" align=\"JUSTIFY\"><span style=\"color: #000000;font-size: medium\">Dans ce programme, nos petits journalistes feront un parcours sur diff\u00e9rents m\u00e9tiers. Ils vont interviewer quatre parents d\u2019\u00e9l\u00e8ves: Un garde forestier, un m\u00e9decin, un commercial de produits de nettoyage et un architecte. Ils y racontent leur quotidien et r\u00e9v\u00e8lent comment la crise influe sur leurs t\u00e2ches.<\/span><\/p>\n<p style=\"font-family: Arial,Helvetica,sans-serif;font-size: 12px\" align=\"JUSTIFY\"><span style=\"color: #000000;font-size: medium\">Cette fois-ci, ce sont des petits de la premi\u00e8re ann\u00e9e primaire qui interrogent les invit\u00e9s\u00a0! Ils sont \u00e9l\u00e8ves de l&rsquo;\u00e9cole \u00ab\u00a0El Murtal\u00bb, \u00e0 Benidorm. Quelle est l&rsquo;importance de maintenir de bonnes relations avec ses coll\u00e8gues?\u00a0 Combien d&rsquo;heures de travail prestent-ils par semaine? Dans cette \u00e9mission on va aussi d\u00e9couvrir quels moyens (modes) de transport utilisent les personnes consult\u00e9es pour se rendre sur leur lieu de travail. Quelles satisfactions tirent-ils de leur activit\u00e9 professionnelle?<\/span><\/p>\n<p style=\"font-family: Arial,Helvetica,sans-serif;font-size: 12px\" align=\"JUSTIFY\"><span style=\"color: #000000;font-size: medium\">Radio Solidaria Amiga, la radio des enfants pour les enfants, nous offre ces interviews. Profitez-en!<br \/>\n<\/span><\/p>\n<p style=\"font-family: Arial,Helvetica,sans-serif;font-size: 12px\" align=\"JUSTIFY\"><span style=\"color: #000000;font-size: medium\">\u00a0<\/span><\/p>\n<p style=\"font-family: Arial,Helvetica,sans-serif;font-size: 12px;text-align: center\" align=\"JUSTIFY\"><span style=\"color: #000000;font-size: medium\">\u00a0\u00a0\u00a0 <b>(( \u00c9MISSION ))<br \/>\n<\/b><\/span><\/p>\n<p style=\"font-family: Arial,Helvetica,sans-serif;font-size: 12px\" align=\"JUSTIFY\"><span style=\"color: #000000;font-size: medium\">\u00a0<\/span><\/p>\n<p style=\"font-family: Arial,Helvetica,sans-serif;font-size: 12px\" align=\"JUSTIFY\"><span style=\"color: #000000;font-size: medium\">Radio Solidaria Amiga utilise le m\u00e9dia pour motiver l&rsquo;apprentissage \u00e0 l\u2019\u00e9cole, ainsi que favoriser l\u2019int\u00e9gration sociale des \u00e9l\u00e8ves en provenance d&rsquo;autres pays. Ainsi, la radio devient un outil pr\u00e9cieux pour leur futur CV. Il les aide \u00e0 mieux s\u2019exprimer en public et \u00e0 d\u00e9velopper le contact avec une grande vari\u00e9t\u00e9 de milieux sociaux. Ce bagage leur sera tr\u00e8s utile pour leur future vie d&rsquo;adulte. En somme, la radio leur permet d&rsquo;apprendre tout en s&rsquo;amusant, elle enrichit la convivialit\u00e9 entre les \u00e9l\u00e8ves et r\u00e9pond \u00e0 leur curiosit\u00e9.\u00a0L&rsquo;\u00e9cole est situ\u00e9e \u00e0 Benidorm (Alicante) et l\u2019objectif de ses \u00e9missions radio est de d\u00e9velopper chez l&rsquo;\u00e9l\u00e8ve ses valeurs de solidarit\u00e9.<\/span><\/p>\n<p style=\"font-family: Arial,Helvetica,sans-serif;font-size: 12px\" align=\"JUSTIFY\"><span style=\"color: #000000;font-size: medium\">Vous \u00e9coutez cette \u00e9mission dans le cadre de \u00ab\u00a0Projet Horizonte\u00a0\u00bb. Un partenariat o\u00f9 Radio Alma cherche \u00e0 promouvoir la richesse et la diversit\u00e9 des radios associatives en espagnol qui existent dans le monde. Nous remercions \u00ab\u00a0Radio Solidaria Amiga\u00a0\u00bb pour leur \u00a0collaboration \u00e0 nous aider au d\u00e9veloppement de ce projet. Cette \u00e9mission a \u00e9t\u00e9 produite avec la voix de Irene Quintela, le support linguistique de Jos\u00e9 Martinez y Ferreira et la r\u00e9daction de Paloma F\u00e1bregas.<\/span><\/p>\n<p style=\"font-family: Arial,Helvetica,sans-serif;font-size: 12px\" align=\"JUSTIFY\"><span style=\"color: #000000;font-size: medium\">Radio Solidaria Amiga \u00e9mets \u00e0 travers \u00ab\u00a0le Net\u00a0\u00bb. Vous pouvez l&rsquo;\u00e9couter sur\u00a0<span style=\"color: #800080\">www.radiosolidariaamiga.es<\/span> chaque vendredi \u00e0 15 heures. Vous trouverez toutes les informations relatives \u00e0 \u00ab\u00a0Proyecto Horizonte\u00a0\u00bb sur notre notre blog \u00a0<a href=\"http:\/\/www.radioalma.eu\/\" target=\"_blank\"><span style=\"color: #000000\">www.radioalma.eu<\/span><\/a>. Vos commentaires sont les bienvenus\u00a0!<\/span><\/p>\n<p><span style=\"background-color: #000000;color: #000000\"><a href=\"http:\/\/radioalma.eu\/horizonte\/files\/2013\/03\/RadioSolidariaAmiga.jpg\"><img decoding=\"async\" class=\"aligncenter size-full wp-image-128\" alt=\"\" src=\"http:\/\/radioalma.eu\/horizonte\/files\/2013\/03\/RadioSolidariaAmiga.jpg\" width=\"190\" height=\"190\" srcset=\"https:\/\/radioalma.eu\/horizonte\/files\/2013\/03\/RadioSolidariaAmiga.jpg 190w, https:\/\/radioalma.eu\/horizonte\/files\/2013\/03\/RadioSolidariaAmiga-150x150.jpg 150w, https:\/\/radioalma.eu\/horizonte\/files\/2013\/03\/RadioSolidariaAmiga-60x60.jpg 60w, https:\/\/radioalma.eu\/horizonte\/files\/2013\/03\/RadioSolidariaAmiga-120x120.jpg 120w\" sizes=\"(max-width: 190px) 100vw, 190px\" \/><\/a><\/span><\/p>\n<p align=\"JUSTIFY\"><span style=\"font-family: Arial,sans-serif;color: #000000\"><span style=\"font-size: medium\">Radio Solidaria Amiga Online es una radio escolar realizada por los alumnos de primaria de la escuela \u00abEl Murtal\u00bb con ayuda de sus profesores y de la fundadora de la radio, Magdalena Galiana Lloret. <\/span><\/span><\/p>\n<p align=\"JUSTIFY\"><span style=\"font-family: Arial,sans-serif;color: #000000\"><span style=\"font-size: medium\">En el programa de hoy, nuestros peque\u00f1os periodistas har\u00e1n un recorrido sobre varias profesiones, en una entrevista a cuatro padres de alumnos. Un guarda forestal, un m\u00e9dico, un comercial de productos de limpieza y un arquitecto, contar\u00e1n su d\u00eda a d\u00eda y revelar\u00e1n en qu\u00e9 medida les afecta la crisis econ\u00f3mica. Cu\u00e1l es la importancia de mantener una buena relaci\u00f3n con los companeros de trabajo? Les gusta su empleo\u00a0? Qu\u00e9 satisfacciones les aporta\u00a0? Estas son algunas de las preguntas a las que responder\u00e1n los entrevistados. <\/span><\/span><\/p>\n<p align=\"JUSTIFY\"><span style=\"font-family: Arial,sans-serif;color: #000000\"><span style=\"font-size: medium\">Radio Solidaria Amiga, la radio de los ni\u00f1os para los ni\u00f1os, nos ofrece este programa. Que lo disfruten!<\/span><\/span><\/p>\n<p align=\"JUSTIFY\"><span style=\"color: #000000\">\u00a0<\/span><\/p>\n<p align=\"CENTER\"><span style=\"font-family: Arial,sans-serif;color: #000000\"><span style=\"font-size: medium\">(( EMISI\u00d3N )) <\/span><\/span><\/p>\n<p align=\"JUSTIFY\"><span style=\"color: #000000\">\u00a0<\/span><\/p>\n<p align=\"JUSTIFY\"><span style=\"color: #000000\"><span style=\"font-family: Arial,sans-serif\"><span style=\"font-size: medium\">La escuela \u00abEl Murtal\u00bb se encuentra en Benidorm (Alicante) y uno de sus objetivos es fomentar la solidaridad y el comp<\/span><\/span><span style=\"font-family: Arial,sans-serif\"><span style=\"font-size: medium\">a<\/span><\/span><span style=\"font-family: Arial,sans-serif\"><span style=\"font-size: medium\">\u00f1<\/span><\/span><span style=\"font-family: Arial,sans-serif\"><span style=\"font-size: medium\">e<\/span><\/span><span style=\"font-family: Arial,sans-serif\"><span style=\"font-size: medium\">rismo entre los alumnos. El colegio utiliza la radio para motivar el aprendizaje de los<\/span><\/span><span style=\"font-family: Arial,sans-serif\"><span style=\"font-size: medium\"> ni<\/span><\/span><span style=\"font-family: Arial,sans-serif\">\u00f1<\/span><span style=\"font-family: Arial,sans-serif\"><span style=\"font-size: medium\">os y f<\/span><\/span><span style=\"font-family: Arial,sans-serif\"><span style=\"font-size: medium\">avorecer la integraci\u00f3n social de los alumnos extranjeros. Adem\u00e1s, la radio ense<\/span><\/span><span style=\"font-family: Arial,sans-serif\"><span style=\"font-size: medium\">\u00f1<\/span><\/span><span style=\"font-family: Arial,sans-serif\"><span style=\"font-size: medium\">a a l<\/span><\/span><span style=\"font-family: Arial,sans-serif\"><span style=\"font-size: medium\">os ni<\/span><\/span><span style=\"font-family: Arial,sans-serif\"><span style=\"font-size: medium\">\u00f1<\/span><\/span><span style=\"font-family: Arial,sans-serif\"><span style=\"font-size: medium\">o<\/span><\/span><span style=\"font-family: Arial,sans-serif\"><span style=\"font-size: medium\">s a expresarse en p\u00fablico y a tomar contacto con diversos entornos socioculturales. En suma, les permite aprender mientras se divierten y favorece su curiosidad. Para escuchar el programa, pueden navegar por el blog <a title=\"madagali.wordpress.com\" href=\"http:\/\/madagali.wordpress.com\/\" target=\"_blank\"><span style=\"color: #0000ff\">madagali.wordpress.com<\/span><\/a><\/span><\/span><\/span><\/p>\n<p align=\"JUSTIFY\"><span style=\"color: #0000ff\">\u00a0<\/span><\/p>\n<p align=\"JUSTIFY\"><span style=\"color: #000000\"><span style=\"font-size: small\"><span style=\"font-family: Arial,sans-serif\"><span style=\"font-size: medium\">Este programa forma parte de<\/span><\/span><\/span><span style=\"font-family: Arial,sans-serif\"><span style=\"font-size: medium\"> \u201cProyecto Horizonte\u201d, una colaboraci\u00f3n con la que Radio Alma pretende mostrar <\/span><\/span><span style=\"font-size: small\"><span style=\"font-family: Arial,sans-serif\"><span style=\"font-size: medium\">la riqueza y diversidad del panorama de radios<\/span><\/span><\/span><span style=\"font-family: Arial,sans-serif\"><span style=\"font-size: medium\"> asociativas en <\/span><\/span><span style=\"font-size: small\"><span style=\"font-family: Arial,sans-serif\"><span style=\"font-size: medium\">espa<\/span><\/span><\/span><span style=\"font-family: Arial,sans-serif\"><span style=\"font-size: medium\">\u00f1<\/span><\/span><span style=\"font-size: small\"><span style=\"font-family: Arial,sans-serif\"><span style=\"font-size: medium\">ol. Ha sido producido con la voz de Irene Quintela, la correcci\u00f3n <\/span><\/span><\/span><span style=\"font-size: small\"><span style=\"font-family: Arial,sans-serif\"><span style=\"font-size: medium\">lingu\u00edstica<\/span><\/span><\/span><span style=\"font-size: small\"><span style=\"font-family: Arial,sans-serif\"><span style=\"font-size: medium\"> de Jos\u00e9 Mart\u00ednez y Ferreira y la redacci\u00f3n de Paloma F\u00e1bregas. Desde aqu\u00ed, agradecemos la colaboraci\u00f3n de Radio Solidaria Amiga, ya que sin ella no hubiera sido posible este proyecto. <\/span><\/span><\/span><\/span><\/p>\n<p align=\"JUSTIFY\"><span style=\"color: #000000\">\u00a0<\/span><\/p>\n<p align=\"JUSTIFY\"><span style=\"font-family: Arial,sans-serif\"><span style=\"font-size: small;color: #000000\"><span style=\"font-size: medium\">Radio Solidaria Amiga emite a trav\u00e9s de Internet, y pueden escucharla en <\/span><\/span><span style=\"font-size: small\"><span style=\"text-decoration: underline\"><a href=\"http:\/\/www.radiosolidariaamiga.es\/\"><span style=\"font-size: medium;text-decoration: underline\">www.radiosolidariaamiga.es<\/span><\/a><\/span><\/span><span style=\"font-size: small\"><span style=\"font-size: medium\"><span style=\"color: #000000\"> cada viernes a las 15 horas. Para m\u00e1s informaci\u00f3n sobre \u201cProyecto Horizonte\u201d, pueden dirigirse a<\/span> <a href=\"mailto:horizonte@radioalma.eu\">horizonte@radioalma.eu<\/a>. <span style=\"color: #000000\">Esperamos sus comentarios y sugerencias!<\/span><\/span><\/span><\/span><\/p>\n<p align=\"JUSTIFY\"><em>\u00a0<\/em><\/p>\n<p align=\"JUSTIFY\"><a href=\"http:\/\/radioalma.eu\/horizonte\/files\/2013\/03\/Cu\u00e9ntanos-un-d\u00eda-de-tu-trabajo.jpg\"><img fetchpriority=\"high\" decoding=\"async\" class=\"aligncenter size-full wp-image-541\" alt=\"\" src=\"http:\/\/radioalma.eu\/horizonte\/files\/2013\/03\/Cu\u00e9ntanos-un-d\u00eda-de-tu-trabajo.jpg\" width=\"698\" height=\"524\" srcset=\"https:\/\/radioalma.eu\/horizonte\/files\/2013\/03\/Cu\u00e9ntanos-un-d\u00eda-de-tu-trabajo.jpg 698w, https:\/\/radioalma.eu\/horizonte\/files\/2013\/03\/Cu\u00e9ntanos-un-d\u00eda-de-tu-trabajo-300x225.jpg 300w\" sizes=\"(max-width: 698px) 100vw, 698px\" \/><\/a><\/p>\n<p align=\"JUSTIFY\">\n","protected":false},"excerpt":{"rendered":"<p>Radio Solidaria Amiga Online est une radio d&rsquo;\u00e9cole r\u00e9alis\u00e9e par les \u00e9l\u00e8ves de l&rsquo;\u00e9cole primaire \u00abEl Murtal\u00bb avec l&rsquo;aide de leurs professeurs, ainsi que de la fondatrice et directrice de la station : Magdalena Galiana Lloret. Dans ce programme, nos petits journalistes feront un parcours sur diff\u00e9rents m\u00e9tiers. Ils vont&#8230;<\/p>\n","protected":false},"author":60,"featured_media":541,"comment_status":"open","ping_status":"open","sticky":false,"template":"","format":"standard","meta":{"footnotes":""},"categories":[17],"tags":[],"class_list":["post-216","post","type-post","status-publish","format-standard","has-post-thumbnail","hentry","category-en-cours"],"_links":{"self":[{"href":"https:\/\/radioalma.eu\/horizonte\/wp-json\/wp\/v2\/posts\/216","targetHints":{"allow":["GET"]}}],"collection":[{"href":"https:\/\/radioalma.eu\/horizonte\/wp-json\/wp\/v2\/posts"}],"about":[{"href":"https:\/\/radioalma.eu\/horizonte\/wp-json\/wp\/v2\/types\/post"}],"author":[{"embeddable":true,"href":"https:\/\/radioalma.eu\/horizonte\/wp-json\/wp\/v2\/users\/60"}],"replies":[{"embeddable":true,"href":"https:\/\/radioalma.eu\/horizonte\/wp-json\/wp\/v2\/comments?post=216"}],"version-history":[{"count":0,"href":"https:\/\/radioalma.eu\/horizonte\/wp-json\/wp\/v2\/posts\/216\/revisions"}],"wp:featuredmedia":[{"embeddable":true,"href":"https:\/\/radioalma.eu\/horizonte\/wp-json\/wp\/v2\/media\/541"}],"wp:attachment":[{"href":"https:\/\/radioalma.eu\/horizonte\/wp-json\/wp\/v2\/media?parent=216"}],"wp:term":[{"taxonomy":"category","embeddable":true,"href":"https:\/\/radioalma.eu\/horizonte\/wp-json\/wp\/v2\/categories?post=216"},{"taxonomy":"post_tag","embeddable":true,"href":"https:\/\/radioalma.eu\/horizonte\/wp-json\/wp\/v2\/tags?post=216"}],"curies":[{"name":"wp","href":"https:\/\/api.w.org\/{rel}","templated":true}]}}