{"id":249,"date":"2013-03-27T13:17:00","date_gmt":"2013-03-27T12:17:00","guid":{"rendered":"http:\/\/radioalma.eu\/horizonte\/?guid=32041123614e0c32597d76634609941f"},"modified":"2013-03-28T13:25:56","modified_gmt":"2013-03-28T12:25:56","slug":"proyecto-horizonte-colaboracion-de-ff-con-radio-alma-bruselas","status":"publish","type":"post","link":"https:\/\/radioalma.eu\/horizonte\/2013\/03\/27\/proyecto-horizonte-colaboracion-de-ff-con-radio-alma-bruselas\/","title":{"rendered":"Proyecto Horizonte: Colaboraci\u00f3n de FF con Radio Alma (Bruselas)"},"content":{"rendered":"<p><span class=\"userContent\">Aqu\u00ed ten\u00e9is los frutos de la colaboraci\u00f3n con Radio Alma en Bruselas.<\/span><br \/><span class=\"userContent\">En el blog Proyecto Horizonte, recogen las colaboraciones de los programas de radio espa\u00f1oles que colaboran con Radio Alma para los radioyentes hispanoparlantes <\/span><span class=\"userContent\"><span class=\"userContent\">en Bruselas.<\/span><\/span><br \/><span class=\"userContent\"><span class=\"userContent\">Desde el blog del Proyecto os seguir\u00e1n informando:<\/span><\/span><\/p>\n<div class=\"separator\" style=\"clear: both; text-align: left;\"><\/div>\n<p><a href=\"http:\/\/radioalma.eu\/horizonte\/2013\/03\/25\/premiere-emission-de-frecuencia-favorable-a-radio-alma\/\" rel=\"nofollow nofollow\" >http:\/\/radioalma.eu\/horizonte\/2013\/03\/25\/premiere-emission-de-frecuencia-favorable-a-radio-alma\/<\/a><\/p>\n<div class=\"separator\" style=\"clear: both; text-align: center;\"><\/div>\n<div class=\"separator\" style=\"clear: both; text-align: center;\">&nbsp;<img decoding=\"async\" border=\"0\" height=\"137\" src=\"http:\/\/3.bp.blogspot.com\/-hS_CH8yDOZM\/UVLjQcoY1fI\/AAAAAAAAAj0\/exj1sdMKfA4\/s320\/FF+RadioAlma.jpg\" width=\"320\" \/><\/div>\n","protected":false},"excerpt":{"rendered":"<p><span>Aqu&iacute; ten&eacute;is los frutos de la colaboraci&oacute;n con Radio Alma en Bruselas.<\/span><br \/><span>En el blog Proyecto Horizonte, recogen las colaboraciones de los programas de radio espa&ntilde;oles que colaboran con Radio Alma para los radioyentes hispanoparlantes <\/span><span><span>en Bruselas.<\/span><\/span><br \/><span><span>Desde el blog del Proyecto os seguir&aacute;n informando:<\/span><\/span><\/p>\n<div><\/div>\n<p><a href=\"http:\/\/radioalma.eu\/horizonte\/2013\/03\/25\/premiere-emission-de-frecuencia-favorable-a-radio-alma\/\" rel=\"nofollow nofollow\" target=\"_blank\">http:\/\/radioalma.eu\/horizonte\/2013\/03\/25\/premiere-emission-de-frecuencia-favorable-a-radio-alma\/<\/a><\/p>\n<div><\/div>\n<div>&nbsp;<img decoding=\"async\" border=\"0\" height=\"137\" src=\"http:\/\/3.bp.blogspot.com\/-hS_CH8yDOZM\/UVLjQcoY1fI\/AAAAAAAAAj0\/exj1sdMKfA4\/s320\/FF+RadioAlma.jpg\" width=\"320\">\n<\/div>\n","protected":false},"author":63,"featured_media":0,"comment_status":"closed","ping_status":"closed","sticky":false,"template":"","format":"standard","meta":{"footnotes":""},"categories":[31],"tags":[],"class_list":["post-249","post","type-post","status-publish","format-standard","hentry","category-fils-rss"],"_links":{"self":[{"href":"https:\/\/radioalma.eu\/horizonte\/wp-json\/wp\/v2\/posts\/249","targetHints":{"allow":["GET"]}}],"collection":[{"href":"https:\/\/radioalma.eu\/horizonte\/wp-json\/wp\/v2\/posts"}],"about":[{"href":"https:\/\/radioalma.eu\/horizonte\/wp-json\/wp\/v2\/types\/post"}],"author":[{"embeddable":true,"href":"https:\/\/radioalma.eu\/horizonte\/wp-json\/wp\/v2\/users\/63"}],"replies":[{"embeddable":true,"href":"https:\/\/radioalma.eu\/horizonte\/wp-json\/wp\/v2\/comments?post=249"}],"version-history":[{"count":0,"href":"https:\/\/radioalma.eu\/horizonte\/wp-json\/wp\/v2\/posts\/249\/revisions"}],"wp:attachment":[{"href":"https:\/\/radioalma.eu\/horizonte\/wp-json\/wp\/v2\/media?parent=249"}],"wp:term":[{"taxonomy":"category","embeddable":true,"href":"https:\/\/radioalma.eu\/horizonte\/wp-json\/wp\/v2\/categories?post=249"},{"taxonomy":"post_tag","embeddable":true,"href":"https:\/\/radioalma.eu\/horizonte\/wp-json\/wp\/v2\/tags?post=249"}],"curies":[{"name":"wp","href":"https:\/\/api.w.org\/{rel}","templated":true}]}}