{"id":250,"date":"2013-03-25T16:43:00","date_gmt":"2013-03-25T15:43:00","guid":{"rendered":"http:\/\/radioalma.eu\/horizonte\/?guid=1e9a01c4c0bfa8e9b57827f1115650c6"},"modified":"2013-03-28T13:24:42","modified_gmt":"2013-03-28T12:24:42","slug":"programa-24-especial-entrevista-alma-mater","status":"publish","type":"post","link":"https:\/\/radioalma.eu\/horizonte\/2013\/03\/25\/programa-24-especial-entrevista-alma-mater\/","title":{"rendered":"Programa 24 Especial Entrevista &quot;Alma Mater&quot;"},"content":{"rendered":"<p><span class=\"userContent\">En el programa especial de Semana Santa pod\u00e9is  encontrar una interesante entrevista de nuestro compa\u00f1ero Iv\u00e1n de Alma  Mater a algunos de nuestros reporteros de Frecuencia Favorable: Miguel,  Nacho y Javi.<br \/> &#8211; El tema principal: la Salud Menta<span class=\"text_exposed_show\">l, causas de la enfermedad mental, iniciativas actuales, mitos, estigma&#8230; y mucho m\u00e1s.<\/span><\/span><\/p>\n<p><span class=\"userContent\"><span class=\"text_exposed_show\">Esperamos que os guste! <\/span><\/span><\/p>\n","protected":false},"excerpt":{"rendered":"<p><span>En el programa especial de Semana Santa pod&eacute;is  encontrar una interesante entrevista de nuestro compa&ntilde;ero Iv&aacute;n de Alma  Mater a algunos de nuestros reporteros de Frecuencia Favorable: Miguel,  Nacho y Javi.<br \/> &#8211; El tema principal: la Salud Menta<span>l, causas de la enfermedad mental, iniciativas actuales, mitos, estigma&#8230; y mucho m&aacute;s.<\/span><\/span><\/p>\n<p><span><span>Esperamos que os guste! <\/span><\/span><\/p>\n","protected":false},"author":63,"featured_media":0,"comment_status":"closed","ping_status":"closed","sticky":false,"template":"","format":"standard","meta":{"footnotes":""},"categories":[31],"tags":[],"class_list":["post-250","post","type-post","status-publish","format-standard","hentry","category-fils-rss"],"_links":{"self":[{"href":"https:\/\/radioalma.eu\/horizonte\/wp-json\/wp\/v2\/posts\/250","targetHints":{"allow":["GET"]}}],"collection":[{"href":"https:\/\/radioalma.eu\/horizonte\/wp-json\/wp\/v2\/posts"}],"about":[{"href":"https:\/\/radioalma.eu\/horizonte\/wp-json\/wp\/v2\/types\/post"}],"author":[{"embeddable":true,"href":"https:\/\/radioalma.eu\/horizonte\/wp-json\/wp\/v2\/users\/63"}],"replies":[{"embeddable":true,"href":"https:\/\/radioalma.eu\/horizonte\/wp-json\/wp\/v2\/comments?post=250"}],"version-history":[{"count":0,"href":"https:\/\/radioalma.eu\/horizonte\/wp-json\/wp\/v2\/posts\/250\/revisions"}],"wp:attachment":[{"href":"https:\/\/radioalma.eu\/horizonte\/wp-json\/wp\/v2\/media?parent=250"}],"wp:term":[{"taxonomy":"category","embeddable":true,"href":"https:\/\/radioalma.eu\/horizonte\/wp-json\/wp\/v2\/categories?post=250"},{"taxonomy":"post_tag","embeddable":true,"href":"https:\/\/radioalma.eu\/horizonte\/wp-json\/wp\/v2\/tags?post=250"}],"curies":[{"name":"wp","href":"https:\/\/api.w.org\/{rel}","templated":true}]}}